{"id":16329,"date":"2025-02-03T16:58:06","date_gmt":"2025-02-03T15:58:06","guid":{"rendered":"https:\/?p=16329"},"modified":"2025-02-12T21:27:25","modified_gmt":"2025-02-12T20:27:25","slug":"el-adios-de-calcats-castellsaguer-cierra-otro-local-emblematico-en-mataro","status":"publish","type":"post","link":"https:\/\/mataroactiva.net\/cat\/el-adios-de-calcats-castellsaguer-cierra-otro-local-emblematico-en-mataro\/","title":{"rendered":"L'adeu de Cal\u00e7ats Castellsaguer: Tanca un altre local emblem\u00e0tic a Matar\u00f3"},"content":{"rendered":"<div data-elementor-type=\"wp-post\" data-elementor-id=\"16329\" class=\"elementor elementor-16329\" data-elementor-post-type=\"post\">\n\t\t\t\t<div class=\"elementor-element elementor-element-3e5e3e6 e-flex e-con-boxed e-con e-parent\" data-id=\"3e5e3e6\" data-element_type=\"container\">\n\t\t\t\t\t<div class=\"e-con-inner\">\n\t\t\t\t<div class=\"elementor-element elementor-element-5d229e8 elementor-widget elementor-widget-text-editor\" data-id=\"5d229e8\" data-element_type=\"widget\" data-widget_type=\"text-editor.default\">\n\t\t\t\t\t\t\t\t\t<p>El centre de Matar\u00f3 est\u00e0 de dol comercial. Despr\u00e9s del recent tancament de la botiga de Benetton en La Riera, ara li toca el torn a un altre establiment hist\u00f2ric: Cal\u00e7ats Castellsaguer, situat al Carrer  de Barcelona. Aquest tancament no sols representa la p\u00e8rdua d'un negoci amb d\u00e8cades d'hist\u00f2ria, sin\u00f3 que tamb\u00e9 posa en evid\u00e8ncia els desafiaments als quals s'enfronten els comer\u00e7os tradicionals en una ciutat en constant transformaci\u00f3.<\/p><p>Cal\u00e7ats Castellsaguer no era una botiga qualsevol. El seu local, amb el seu aparador \u00fanic i la seva ic\u00f2nica illa central, era un referent a la ciutat. El seu comiat deixa un buit en el cor comercial de Matar\u00f3 i ens obliga a reflexionar sobre el futur del comer\u00e7 local.<\/p>\t\t\t\t\t\t\t\t<\/div>\n\t\t\t\t<div class=\"elementor-element elementor-element-7988048 elementor-widget elementor-widget-heading\" data-id=\"7988048\" data-element_type=\"widget\" data-widget_type=\"heading.default\">\n\t\t\t\t\t<h2 class=\"elementor-heading-title elementor-size-default\">El seu aparador: Un s\u00edmbol d'identitat<\/h2>\t\t\t\t<\/div>\n\t\t\t\t<div class=\"elementor-element elementor-element-e7306aa elementor-widget elementor-widget-text-editor\" data-id=\"e7306aa\" data-element_type=\"widget\" data-widget_type=\"text-editor.default\">\n\t\t\t\t\t\t\t\t\t<p>Un dels elements m\u00e9s caracter\u00edstics de Cal\u00e7ats Castellsaguer era el seu aparador. Amb la seva illa central i el seu disseny cuidat, l'establiment cridava l'atenci\u00f3 de tots els que passaven pel Carrer de Barcelona. Aquest aparador no sols servia per a exhibir productes, sin\u00f3 que tamb\u00e9 era un reflex de la identitat del comer\u00e7: tradicional, acollidor i sempre atent a les necessitats dels seus clients.<\/p><p>El tancament de la botiga no sols significa la p\u00e8rdua d'un negoci, sin\u00f3 tamb\u00e9 la desaparici\u00f3 d'un element ic\u00f2nic del paisatge urb\u00e0 de Matar\u00f3.<\/p>\t\t\t\t\t\t\t\t<\/div>\n\t\t\t\t<div class=\"elementor-element elementor-element-d970738 elementor-widget elementor-widget-image\" data-id=\"d970738\" data-element_type=\"widget\" data-widget_type=\"image.default\">\n\t\t\t\t\t\t\t\t\t\t\t\t<figure class=\"wp-caption\">\n\t\t\t\t\t\t\t\t\t\t<img width=\"724\" height=\"543\" class=\"attachment-large size-large wp-image-16330 lazy\" alt=\"\" data-src=\"https:\/\/mataroactiva.net\/wp-content\/uploads\/2025\/02\/Isla-Centrak-1024x768.jpg\" data-lazy=\"https:\/\/mataroactiva.net\/wp-content\/uploads\/2025\/02\/Isla-Centrak-1024x768.jpg\" \/>\t\t\t\t\t\t\t\t\t\t\t<figcaption class=\"widget-image-caption wp-caption-text\">Illa Central de l'aparador - Fotografia de <a href=\"https:\/\/google.es\" rel=\"noopener\">Google Reviews<\/a><\/figcaption>\n\t\t\t\t\t\t\t\t\t\t<\/figure>\n\t\t\t\t\t\t\t\t\t<\/div>\n\t\t\t\t<div class=\"elementor-element elementor-element-a2152a7 elementor-widget elementor-widget-heading\" data-id=\"a2152a7\" data-element_type=\"widget\" data-widget_type=\"heading.default\">\n\t\t\t\t\t<h2 class=\"elementor-heading-title elementor-size-default\">Una hist\u00f2ria de tradici\u00f3 i qualitat\n<\/h2>\t\t\t\t<\/div>\n\t\t\t\t<div class=\"elementor-element elementor-element-5a7f3af elementor-widget elementor-widget-text-editor\" data-id=\"5a7f3af\" data-element_type=\"widget\" data-widget_type=\"text-editor.default\">\n\t\t\t\t\t\t\t\t\t<p>Cal\u00e7ats Castellsaguer va obrir les seves portes fa m\u00e9s de 50 anys, convertint-se en un referent per als amants del cal\u00e7at a Matar\u00f3. Amb una \u00e0mplia oferta de sabates per a tota la fam\u00edlia, la botiga es va guanyar la confian\u00e7a de diverses generacions de mataronins. El seu comprom\u00eds amb la qualitat i el tracte pr\u00f2xim al client la van convertir en un lloc especial per als ve\u00efns de la ciutat.<\/p><p>El local, situat a ple Carrer de Barcelona, era conegut no tan sols per la seva excel\u00b7lent selecci\u00f3 de cal\u00e7at, sin\u00f3 tamb\u00e9 pel seu disseny \u00fanic. Amb una superf\u00edcie de 500 metres quadrats, l'establiment era un punt de trobada per als qui buscaven cal\u00e7at de qualitat i un servei personalitzat.<\/p>\t\t\t\t\t\t\t\t<\/div>\n\t\t\t\t<div class=\"elementor-element elementor-element-fbb1411 elementor-widget elementor-widget-heading\" data-id=\"fbb1411\" data-element_type=\"widget\" data-widget_type=\"heading.default\">\n\t\t\t\t\t<h2 class=\"elementor-heading-title elementor-size-default\">Per qu\u00e8 tanquen els comer\u00e7os emblem\u00e0tics?<\/h2>\t\t\t\t<\/div>\n\t\t\t\t<div class=\"elementor-element elementor-element-0d74ccc elementor-widget elementor-widget-text-editor\" data-id=\"0d74ccc\" data-element_type=\"widget\" data-widget_type=\"text-editor.default\">\n\t\t\t\t\t\t\t\t\t<p>El tancament de Cal\u00e7ats Castellsaguer no \u00e9s un cas a\u00efllat. En els \u00faltims anys, hem vist com nombrosos comer\u00e7os hist\u00f2rics de Matar\u00f3 han tancat les seves portes. Entre els motius m\u00e9s comuns darrere d'aquests tancaments es troben:<\/p><ul><li><p>Jubilacions i falta de continu\u00eftat familiar: Molts negocis tradicionals, com Cal\u00e7ats Castellsaguer, han estat gestionats per fam\u00edlies durant d\u00e8cades. Quan arriba el moment de la jubilaci\u00f3, sovint no hi ha una nova generaci\u00f3 disposada a prendre el relleu.<\/p><\/li><li><p>L'augment dels lloguers: Els preus dels lloguers en zones c\u00e8ntriques com el Carrer de Barcelona han aconseguit nivells dif\u00edcils d'assumir per a molts comer\u00e7os. El local de Cal\u00e7ats Castellsaguer, per exemple, ja est\u00e0 en lloguer per gaireb\u00e9 6.000 euros al mes, un preu prohibitiu per a la majoria dels petits negocis.<\/p><\/li><li><p>Canvis en els h\u00e0bits de consum: L'auge del comer\u00e7 en l\u00ednia i la compet\u00e8ncia de grans superf\u00edcies han fet que molts comer\u00e7os tradicionals perdin clients.<\/p><\/li><\/ul><p>A m\u00e9s, alguns negocis, com Francesc Roba d\u2019Home, han optat per canviar de local dins del mateix carrer, buscant una millor relaci\u00f3 cost\/metre quadrat. Aquest tipus de moviments reflecteix la necessitat d'adaptar-se a un entorn cada vegada m\u00e9s competitiu, on la ubicaci\u00f3 continua sent clau, per\u00f2 els costos han de ser sostenibles.<\/p>\t\t\t\t\t\t\t\t<\/div>\n\t\t\t\t<div class=\"elementor-element elementor-element-186007b elementor-widget elementor-widget-image\" data-id=\"186007b\" data-element_type=\"widget\" data-widget_type=\"image.default\">\n\t\t\t\t\t\t\t\t\t\t\t\t<figure class=\"wp-caption\">\n\t\t\t\t\t\t\t\t\t\t<img width=\"724\" height=\"201\" class=\"attachment-large size-large wp-image-16331 lazy\" alt=\"\" data-src=\"https:\/\/mataroactiva.net\/wp-content\/uploads\/2025\/02\/Captura-de-pantalla-2025-02-03-163320-1024x284.png\" data-lazy=\"https:\/\/mataroactiva.net\/wp-content\/uploads\/2025\/02\/Captura-de-pantalla-2025-02-03-163320-1024x284.png\" \/>\t\t\t\t\t\t\t\t\t\t\t<figcaption class=\"widget-image-caption wp-caption-text\">El local ja es troba disponible a Habitaclia<\/figcaption>\n\t\t\t\t\t\t\t\t\t\t<\/figure>\n\t\t\t\t\t\t\t\t\t<\/div>\n\t\t\t\t<div class=\"elementor-element elementor-element-093d03d elementor-widget elementor-widget-heading\" data-id=\"093d03d\" data-element_type=\"widget\" data-widget_type=\"heading.default\">\n\t\t\t\t\t<h2 class=\"elementor-heading-title elementor-size-default\">Quin futur li espera al comer\u00e7 en el centre de Matar\u00f3?<\/h2>\t\t\t\t<\/div>\n\t\t\t\t<div class=\"elementor-element elementor-element-4440190 elementor-widget elementor-widget-text-editor\" data-id=\"4440190\" data-element_type=\"widget\" data-widget_type=\"text-editor.default\">\n\t\t\t\t\t\t\t\t\t<p>El tancament de Cal\u00e7ats Castellsaguer \u00e9s un altre cop per al teixit comercial del centre de Matar\u00f3. Despr\u00e9s del comiat de la Benetton de La Riera, la ciutat perd un altre establiment emblem\u00e0tic, la qual cosa ens porta a preguntar-nos: quin futur li espera al comer\u00e7 local en una ciutat en constant transformaci\u00f3?<\/p><p>Mentre les autoritats busquen solucions per a revitalitzar el centre, els comerciants s'enfronten a un dilema: adaptar-se a un mercat cada vegada m\u00e9s competitiu o c\u00f3rrer el risc de desapar\u00e8ixer. Alguns, com Francesc Roba d\u2019Home, han optat per canviar de local dins del mateix carrer, buscant oportunitats que els permetin mantenir la seva pres\u00e8ncia en una ubicaci\u00f3 privilegiada sense comprometre la seva viabilitat econ\u00f2mica.<\/p><p>En aquest context, \u00e9s fonamental trobar un equilibri entre la modernitzaci\u00f3 i la preservaci\u00f3 de la identitat comercial de Matar\u00f3.<\/p>\t\t\t\t\t\t\t\t<\/div>\n\t\t\t\t<div class=\"elementor-element elementor-element-c2c020d elementor-widget elementor-widget-heading\" data-id=\"c2c020d\" data-element_type=\"widget\" data-widget_type=\"heading.default\">\n\t\t\t\t\t<h2 class=\"elementor-heading-title elementor-size-default\">Un adeu que fa mal<\/h2>\t\t\t\t<\/div>\n\t\t\t\t<div class=\"elementor-element elementor-element-8455061 elementor-widget elementor-widget-text-editor\" data-id=\"8455061\" data-element_type=\"widget\" data-widget_type=\"text-editor.default\">\n\t\t\t\t\t\t\t\t\t<p>El tancament de Cal\u00e7ats Castellsaguer \u00e9s un recordatori dels canvis profunds que est\u00e0 experimentant el comer\u00e7 a Matar\u00f3. Aquest establiment, amb la seva hist\u00f2ria, el seu aparador \u00fanic i el seu comprom\u00eds amb la qualitat, formava part de l'\u00e0nima de la ciutat. El seu comiat ens deixa amb una sensaci\u00f3 de p\u00e8rdua, per\u00f2 tamb\u00e9 amb l'esperan\u00e7a que el seu llegat inspiri a futurs comerciants a mantenir viva l'ess\u00e8ncia del comer\u00e7 local.<\/p><p>Mentrestant, el local del Carrer de Barcelona espera a un nou inquil\u00ed. Qui ocupar\u00e0 aquest espai emblem\u00e0tic? Nom\u00e9s el temps ho dir\u00e0.<\/p>\t\t\t\t\t\t\t\t<\/div>\n\t\t\t\t\t<\/div>\n\t\t\t\t<\/div>\n\t\t\t\t<\/div>","protected":false},"excerpt":{"rendered":"<p>El centro de Matar\u00f3 est\u00e1 de luto comercial. Tras el reciente cierre de la tienda de Benetton en La Riera, ahora le toca el turno a otro establecimiento hist\u00f3rico:\u00a0Cal\u00e7ats Castellsaguer, ubicado en la\u00a0Calle de Barcelona. Este cierre no solo representa la p\u00e9rdida de un negocio con d\u00e9cadas de historia, sino que tambi\u00e9n pone en evidencia &hellip; <\/p>","protected":false},"author":23,"featured_media":13892,"comment_status":"open","ping_status":"open","sticky":false,"template":"","format":"standard","meta":{"footnotes":""},"categories":[1366],"tags":[1367,1365],"class_list":["post-16329","post","type-post","status-publish","format-standard","has-post-thumbnail","hentry","category-negocios","tag-cierre","tag-negocios"],"_links":{"self":[{"href":"https:\/\/mataroactiva.net\/cat\/wp-json\/wp\/v2\/posts\/16329","targetHints":{"allow":["GET"]}}],"collection":[{"href":"https:\/\/mataroactiva.net\/cat\/wp-json\/wp\/v2\/posts"}],"about":[{"href":"https:\/\/mataroactiva.net\/cat\/wp-json\/wp\/v2\/types\/post"}],"author":[{"embeddable":true,"href":"https:\/\/mataroactiva.net\/cat\/wp-json\/wp\/v2\/users\/23"}],"replies":[{"embeddable":true,"href":"https:\/\/mataroactiva.net\/cat\/wp-json\/wp\/v2\/comments?post=16329"}],"version-history":[{"count":3,"href":"https:\/\/mataroactiva.net\/cat\/wp-json\/wp\/v2\/posts\/16329\/revisions"}],"predecessor-version":[{"id":16334,"href":"https:\/\/mataroactiva.net\/cat\/wp-json\/wp\/v2\/posts\/16329\/revisions\/16334"}],"wp:featuredmedia":[{"embeddable":true,"href":"https:\/\/mataroactiva.net\/cat\/wp-json\/wp\/v2\/media\/13892"}],"wp:attachment":[{"href":"https:\/\/mataroactiva.net\/cat\/wp-json\/wp\/v2\/media?parent=16329"}],"wp:term":[{"taxonomy":"category","embeddable":true,"href":"https:\/\/mataroactiva.net\/cat\/wp-json\/wp\/v2\/categories?post=16329"},{"taxonomy":"post_tag","embeddable":true,"href":"https:\/\/mataroactiva.net\/cat\/wp-json\/wp\/v2\/tags?post=16329"}],"curies":[{"name":"wp","href":"https:\/\/api.w.org\/{rel}","templated":true}]}}