{"id":16318,"date":"2025-02-03T13:49:59","date_gmt":"2025-02-03T12:49:59","guid":{"rendered":"https:\/?p=16318"},"modified":"2025-02-12T21:27:35","modified_gmt":"2025-02-12T20:27:35","slug":"robos-en-mataro-como-proteger-tu-negocio-en-una-ciudad-en-alerta","status":"publish","type":"post","link":"https:\/\/mataroactiva.net\/cat\/robos-en-mataro-como-proteger-tu-negocio-en-una-ciudad-en-alerta\/","title":{"rendered":"Robatoris a Matar\u00f3: Com protegir el teu negoci en una ciutat en alerta"},"content":{"rendered":"<div data-elementor-type=\"wp-post\" data-elementor-id=\"16318\" class=\"elementor elementor-16318\" data-elementor-post-type=\"post\">\n\t\t\t\t<div class=\"elementor-element elementor-element-3e5e3e6 e-flex e-con-boxed e-con e-parent\" data-id=\"3e5e3e6\" data-element_type=\"container\">\n\t\t\t\t\t<div class=\"e-con-inner\">\n\t\t\t\t<div class=\"elementor-element elementor-element-5d229e8 elementor-widget elementor-widget-text-editor\" data-id=\"5d229e8\" data-element_type=\"widget\" data-widget_type=\"text-editor.default\">\n\t\t\t\t\t\t\t\t\t<p>Als \u00faltims mesos, els robatoris a Matar\u00f3 han augmentat de manera preocupant, deixant a comerciants i ve\u00efns en estat d'alerta. Aquest fenomen no tan sols afecta a la seguretat dels negocis, sin\u00f3 tamb\u00e9 a la confian\u00e7a de la comunitat en l'entorn comercial de la ciutat. Qu\u00e8 est\u00e0 passant? Quines mesures es poden prendre per a protegir els comer\u00e7os? I, sobretot, com podem treballar junts per a recuperar la tranquil\u00b7litat als nostres carrers?<\/p><p>En aquest article, analitzem les causes darrere de l'augment dels robatoris, les zones m\u00e9s afectades i les mesures que pots implementar per a protegir el teu negoci. A m\u00e9s, abordem un punt de controv\u00e8rsia: estan fent prou les autoritats locals per a frenar aquesta ona de delinq\u00fc\u00e8ncia?<\/p>\t\t\t\t\t\t\t\t<\/div>\n\t\t\t\t<div class=\"elementor-element elementor-element-7988048 elementor-widget elementor-widget-heading\" data-id=\"7988048\" data-element_type=\"widget\" data-widget_type=\"heading.default\">\n\t\t\t\t\t<h2 class=\"elementor-heading-title elementor-size-default\">L'augment dels robatoris a Matar\u00f3: Qu\u00e8 est\u00e0 passant?<\/h2>\t\t\t\t<\/div>\n\t\t\t\t<div class=\"elementor-element elementor-element-e7306aa elementor-widget elementor-widget-text-editor\" data-id=\"e7306aa\" data-element_type=\"widget\" data-widget_type=\"text-editor.default\">\n\t\t\t\t\t\t\t\t\t<p>Els robatoris a comer\u00e7os no s\u00f3n un problema nou, per\u00f2 en els \u00faltims mesos s'han intensificat. Segons dades recopilades per associacions de comerciants, els delictes contra establiments han augmentat en un 20% respecte a l'any anterior. Aquest increment s'ha notat especialment en zones c\u00e8ntriques com La Riera, Pla d\u2019en Boet i el Centre Hist\u00f2ric, on la concentraci\u00f3 de negocis \u00e9s major.<\/p><p>Els robatoris no sols es limiten a petits comer\u00e7os; tamb\u00e9 han afectat grans superf\u00edcies i establiments d'oci. Els delinq\u00fcents solen actuar en horaris de poca aflu\u00e8ncia, com a primeres hores del mat\u00ed o durant la migdiada, aprofitant la menor pres\u00e8ncia de transe\u00fcnts.<\/p>\t\t\t\t\t\t\t\t<\/div>\n\t\t\t\t<div class=\"elementor-element elementor-element-952287f elementor-widget elementor-widget-image\" data-id=\"952287f\" data-element_type=\"widget\" data-widget_type=\"image.default\">\n\t\t\t\t\t\t\t\t\t\t\t\t<figure class=\"wp-caption\">\n\t\t\t\t\t\t\t\t\t\t<img width=\"724\" height=\"483\" class=\"attachment-large size-large wp-image-16320 lazy\" alt=\"\" data-src=\"https:\/\/mataroactiva.net\/wp-content\/uploads\/2025\/02\/vista-perfil-hombre-capucha-tratando-abrir-cerradura-casa-forzando-su-entrada_662251-2795.jpg\" data-lazy=\"https:\/\/mataroactiva.net\/wp-content\/uploads\/2025\/02\/vista-perfil-hombre-capucha-tratando-abrir-cerradura-casa-forzando-su-entrada_662251-2795.jpg\" \/>\t\t\t\t\t\t\t\t\t\t\t<figcaption class=\"widget-image-caption wp-caption-text\">\u00c9s important comptar amb sistemes de seguretat en portes, finestres i persianes<\/figcaption>\n\t\t\t\t\t\t\t\t\t\t<\/figure>\n\t\t\t\t\t\t\t\t\t<\/div>\n\t\t\t\t<div class=\"elementor-element elementor-element-a2152a7 elementor-widget elementor-widget-heading\" data-id=\"a2152a7\" data-element_type=\"widget\" data-widget_type=\"heading.default\">\n\t\t\t\t\t<h2 class=\"elementor-heading-title elementor-size-default\">Zones m\u00e9s afectades i modus operandi\n<\/h2>\t\t\t\t<\/div>\n\t\t\t\t<div class=\"elementor-element elementor-element-5a7f3af elementor-widget elementor-widget-text-editor\" data-id=\"5a7f3af\" data-element_type=\"widget\" data-widget_type=\"text-editor.default\">\n\t\t\t\t\t\t\t\t\t<p>Les zones m\u00e9s afectades pels robatoris a Matar\u00f3 s\u00f3n aquelles amb una alta concentraci\u00f3 de comer\u00e7os i una major aflu\u00e8ncia de persones. Aix\u00f2 inclou:<\/p><ul><li><p><strong>La Riera<\/strong>: Amb la seva gran quantitat de botigues i bars, \u00e9s un blanc freq\u00fcent per als lladres.<\/p><\/li><li><p><strong>El Centro Hist\u00f3rico<\/strong>: El cor comercial de la ciutat, on els robatoris solen ser m\u00e9s auda\u00e7os.<\/p><\/li><li><p><strong>El Pla d\u2019en Boet<\/strong>: Una zona residencial i comercial que ha vist un augment de robatoris en els \u00faltims mesos.<\/p><\/li><\/ul><p>El modus operandi dels delinq\u00fcents sol ser similar: for\u00e7ar portes o finestres, trencar aparadors o distreure als empleats per a robar mercaderia o diners. En alguns casos, els lladres actuen en grup, la qual cosa dificulta la resposta dels comerciants.<\/p>\t\t\t\t\t\t\t\t<\/div>\n\t\t\t\t<div class=\"elementor-element elementor-element-fbb1411 elementor-widget elementor-widget-heading\" data-id=\"fbb1411\" data-element_type=\"widget\" data-widget_type=\"heading.default\">\n\t\t\t\t\t<h2 class=\"elementor-heading-title elementor-size-default\">Medidas para proteger tu negocio<\/h2>\t\t\t\t<\/div>\n\t\t\t\t<div class=\"elementor-element elementor-element-0d74ccc elementor-widget elementor-widget-text-editor\" data-id=\"0d74ccc\" data-element_type=\"widget\" data-widget_type=\"text-editor.default\">\n\t\t\t\t\t\t\t\t\t<p>Davant d'aquesta situaci\u00f3, \u00e9s fonamental que els comerciants prenguin mesures preventives per a reduir el risc de robatoris. Aqu\u00ed et deixem algunes recomanacions pr\u00e0ctiques:<\/p><ol start=\"1\"><li><p><strong>Instal\u00b7la sistemes de seguretat<\/strong>: C\u00e0meres de vigil\u00e0ncia, alarmes i sensors de moviment s\u00f3n eines efectives per a dissuadir als lladres.<\/p><\/li><li><p><strong>Refor\u00e7a portes i finestres<\/strong>: Utilitza panys d'alta seguretat i reixes per a evitar accessos no autoritzats.<\/p><\/li><li><p><strong>Il\u00b7lumina el teu local<\/strong>: Una fa\u00e7ana ben il\u00b7luminada redueix les possibilitats que els delinq\u00fcents tri\u00efn el teu negoci com a objectiu.<\/p><\/li><li><p><strong>No deixis diners en efectiu<\/strong>: Guarda els diners en una caixa forta i realitza ingressos bancaris amb freq\u00fc\u00e8ncia.<\/p><\/li><li><p><strong>Col\u00b7labora amb altres comerciants<\/strong>: Crear xarxes d'alerta entre ve\u00efns i comer\u00e7os pot ajudar a detectar i prevenir robatoris.<\/p><\/li><\/ol>\t\t\t\t\t\t\t\t<\/div>\n\t\t\t\t<div class=\"elementor-element elementor-element-093d03d elementor-widget elementor-widget-heading\" data-id=\"093d03d\" data-element_type=\"widget\" data-widget_type=\"heading.default\">\n\t\t\t\t\t<h2 class=\"elementor-heading-title elementor-size-default\">Estan fent prou les autoritats?<\/h2>\t\t\t\t<\/div>\n\t\t\t\t<div class=\"elementor-element elementor-element-4440190 elementor-widget elementor-widget-text-editor\" data-id=\"4440190\" data-element_type=\"widget\" data-widget_type=\"text-editor.default\">\n\t\t\t\t\t\t\t\t\t<p>Encara que els comerciants han pres mesures per a protegir-se, molts critiquen la falta d'acci\u00f3 per part de les autoritats locals. Alguns denuncien que la pres\u00e8ncia policial en zones comercials \u00e9s insuficient i que els temps de resposta davant den\u00fancies s\u00f3n massa llargs.<\/p><p>D'altra banda, l'Ajuntament de Matar\u00f3 ha anunciat recentment un pla per a refor\u00e7ar la seguretat en el centre de la ciutat, que inclou la instal\u00b7laci\u00f3 de m\u00e9s c\u00e0meres de vigil\u00e0ncia i un augment de les patrulles policials. No obstant aix\u00f2, alguns ve\u00efns i comerciants consideren que aquestes mesures s\u00f3n insuficients i arriben tard.<\/p><p>Aquest punt de controv\u00e8rsia obre el debat sobre la responsabilitat compartida entre les autoritats i la ciutadania. Deuen els comerciants assumir tot el cost de la seguretat, o \u00e9s necessari un major comprom\u00eds per part de les institucions?<\/p>\t\t\t\t\t\t\t\t<\/div>\n\t\t\t\t<div class=\"elementor-element elementor-element-186007b elementor-widget elementor-widget-image\" data-id=\"186007b\" data-element_type=\"widget\" data-widget_type=\"image.default\">\n\t\t\t\t\t\t\t\t\t\t\t\t<figure class=\"wp-caption\">\n\t\t\t\t\t\t\t\t\t\t<img width=\"724\" height=\"364\" class=\"attachment-large size-large wp-image-16319 lazy\" alt=\"\" data-src=\"https:\/\/mataroactiva.net\/wp-content\/uploads\/2025\/02\/Policia-Local-1024x515.jpeg\" data-lazy=\"https:\/\/mataroactiva.net\/wp-content\/uploads\/2025\/02\/Policia-Local-1024x515.jpeg\" \/>\t\t\t\t\t\t\t\t\t\t\t<figcaption class=\"widget-image-caption wp-caption-text\">Policia Local de Matar\u00f3 patrullant - Fotografia de <a href=\"https:\/\/www.capgros.com\/\" rel=\"noopener\">Capgros.com<\/a><\/figcaption>\n\t\t\t\t\t\t\t\t\t\t<\/figure>\n\t\t\t\t\t\t\t\t\t<\/div>\n\t\t\t\t<div class=\"elementor-element elementor-element-c2c020d elementor-widget elementor-widget-heading\" data-id=\"c2c020d\" data-element_type=\"widget\" data-widget_type=\"heading.default\">\n\t\t\t\t\t<h2 class=\"elementor-heading-title elementor-size-default\">Un problema que requereix solucions col\u00b7lectives<\/h2>\t\t\t\t<\/div>\n\t\t\t\t<div class=\"elementor-element elementor-element-8455061 elementor-widget elementor-widget-text-editor\" data-id=\"8455061\" data-element_type=\"widget\" data-widget_type=\"text-editor.default\">\n\t\t\t\t\t\t\t\t\t<p>Els robatoris a Matar\u00f3 s\u00f3n un problema que afecta a tota la comunitat. Per a combatre'ls, \u00e9s necessari un enfocament integral que combini mesures individuals dels comerciants amb accions coordinades per part de les autoritats.<\/p><p>La seguretat no \u00e9s nom\u00e9s una q\u00fcesti\u00f3 de policia i c\u00e0meres; tamb\u00e9 dep\u00e8n de la col\u00b7laboraci\u00f3 entre ve\u00efns, comerciants i administracions. Nom\u00e9s treballant junts podrem recuperar la tranquil\u00b7litat i fer de Matar\u00f3 una ciutat m\u00e9s segura per a tots.<\/p>\t\t\t\t\t\t\t\t<\/div>\n\t\t\t\t\t<\/div>\n\t\t\t\t<\/div>\n\t\t\t\t<\/div>","protected":false},"excerpt":{"rendered":"<p>En los \u00faltimos meses, los\u00a0robos en Matar\u00f3\u00a0han aumentado de manera preocupante, dejando a comerciantes y vecinos en estado de alerta. Este fen\u00f3meno no solo afecta a la seguridad de los negocios, sino tambi\u00e9n a la confianza de la comunidad en el entorno comercial de la ciudad. \u00bfQu\u00e9 est\u00e1 pasando? \u00bfQu\u00e9 medidas se pueden tomar para &hellip; <\/p>","protected":false},"author":23,"featured_media":16321,"comment_status":"open","ping_status":"open","sticky":false,"template":"","format":"standard","meta":{"footnotes":""},"categories":[1366],"tags":[1365,1374],"class_list":["post-16318","post","type-post","status-publish","format-standard","has-post-thumbnail","hentry","category-negocios","tag-negocios","tag-robos"],"_links":{"self":[{"href":"https:\/\/mataroactiva.net\/cat\/wp-json\/wp\/v2\/posts\/16318","targetHints":{"allow":["GET"]}}],"collection":[{"href":"https:\/\/mataroactiva.net\/cat\/wp-json\/wp\/v2\/posts"}],"about":[{"href":"https:\/\/mataroactiva.net\/cat\/wp-json\/wp\/v2\/types\/post"}],"author":[{"embeddable":true,"href":"https:\/\/mataroactiva.net\/cat\/wp-json\/wp\/v2\/users\/23"}],"replies":[{"embeddable":true,"href":"https:\/\/mataroactiva.net\/cat\/wp-json\/wp\/v2\/comments?post=16318"}],"version-history":[{"count":6,"href":"https:\/\/mataroactiva.net\/cat\/wp-json\/wp\/v2\/posts\/16318\/revisions"}],"predecessor-version":[{"id":16328,"href":"https:\/\/mataroactiva.net\/cat\/wp-json\/wp\/v2\/posts\/16318\/revisions\/16328"}],"wp:featuredmedia":[{"embeddable":true,"href":"https:\/\/mataroactiva.net\/cat\/wp-json\/wp\/v2\/media\/16321"}],"wp:attachment":[{"href":"https:\/\/mataroactiva.net\/cat\/wp-json\/wp\/v2\/media?parent=16318"}],"wp:term":[{"taxonomy":"category","embeddable":true,"href":"https:\/\/mataroactiva.net\/cat\/wp-json\/wp\/v2\/categories?post=16318"},{"taxonomy":"post_tag","embeddable":true,"href":"https:\/\/mataroactiva.net\/cat\/wp-json\/wp\/v2\/tags?post=16318"}],"curies":[{"name":"wp","href":"https:\/\/api.w.org\/{rel}","templated":true}]}}