{"id":16293,"date":"2025-01-31T08:00:00","date_gmt":"2025-01-31T07:00:00","guid":{"rendered":"https:\/?p=16293"},"modified":"2025-02-12T21:27:56","modified_gmt":"2025-02-12T20:27:56","slug":"garrapatas-en-mataro-que-debes-saber-y-como-actuar-ante-su-llegada","status":"publish","type":"post","link":"https:\/\/mataroactiva.net\/cat\/garrapatas-en-mataro-que-debes-saber-y-como-actuar-ante-su-llegada\/","title":{"rendered":"Paparres a Matar\u00f3: Qu\u00e8 has de saber i com actuar davant la seva arribada"},"content":{"rendered":"<div data-elementor-type=\"wp-post\" data-elementor-id=\"16293\" class=\"elementor elementor-16293\" data-elementor-post-type=\"post\">\n\t\t\t\t<div class=\"elementor-element elementor-element-3e5e3e6 e-flex e-con-boxed e-con e-parent\" data-id=\"3e5e3e6\" data-element_type=\"container\">\n\t\t\t\t\t<div class=\"e-con-inner\">\n\t\t\t\t<div class=\"elementor-element elementor-element-44da7d2 elementor-widget elementor-widget-heading\" data-id=\"44da7d2\" data-element_type=\"widget\" data-widget_type=\"heading.default\">\n\t\t\t\t\t<h2 class=\"elementor-heading-title elementor-size-default\">L'arribada de les paparres a la ciutat: Qu\u00e8 has de saber i com protegir-te?\n\n<\/h2>\t\t\t\t<\/div>\n\t\t\t\t<div class=\"elementor-element elementor-element-5d229e8 elementor-widget elementor-widget-text-editor\" data-id=\"5d229e8\" data-element_type=\"widget\" data-widget_type=\"text-editor.default\">\n\t\t\t\t\t\t\t\t\t<p>En els \u00faltims anys, les paparres han deixat de ser un problema exclusiu de zones rurals o boscoses per a convertir-se en una preocupaci\u00f3 creixent en entorns urbans. Ciutats com Matar\u00f3 no s\u00f3n alienes a aquest fenomen, i la pres\u00e8ncia d'aquests petits par\u00e0sits ha comen\u00e7at a generar alerta entre els ve\u00efns. A qu\u00e8 es deu la seva arribada a la ciutat? Quins riscos comporten i com podem protegir-nos?<\/p>\t\t\t\t\t\t\t\t<\/div>\n\t\t\t\t<div class=\"elementor-element elementor-element-7988048 elementor-widget elementor-widget-heading\" data-id=\"7988048\" data-element_type=\"widget\" data-widget_type=\"heading.default\">\n\t\t\t\t\t<h2 class=\"elementor-heading-title elementor-size-default\">Per qu\u00e8 les paparres estan arribant a les ciutats?<\/h2>\t\t\t\t<\/div>\n\t\t\t\t<div class=\"elementor-element elementor-element-e7306aa elementor-widget elementor-widget-text-editor\" data-id=\"e7306aa\" data-element_type=\"widget\" data-widget_type=\"text-editor.default\">\n\t\t\t\t\t\t\t\t\t<p>Les paparres s\u00f3n par\u00e0sits que tradicionalment s'associaven a \u00e0rees amb vegetaci\u00f3 densa, com a boscos, camps o zones de muntanya. No obstant aix\u00f2, factors com el canvi clim\u00e0tic, l'augment de les temperatures i la proliferaci\u00f3 d'espais verds a les ciutats han creat un entorn propici per a la seva expansi\u00f3.<\/p><p>A m\u00e9s, la pres\u00e8ncia d'animals com a gossos, gats i fins i tot ocells en zones urbanes facilita l'arribada i propagaci\u00f3 d'aquests par\u00e0sits. Les paparres s'adhereixen als seus hostes i poden acabar en parcs, jardins i fins i tot a l'interior d'habitatges.<\/p>\t\t\t\t\t\t\t\t<\/div>\n\t\t\t\t<div class=\"elementor-element elementor-element-952287f elementor-widget elementor-widget-image\" data-id=\"952287f\" data-element_type=\"widget\" data-widget_type=\"image.default\">\n\t\t\t\t\t\t\t\t\t\t\t\t<figure class=\"wp-caption\">\n\t\t\t\t\t\t\t\t\t\t<img width=\"724\" height=\"484\" class=\"attachment-large size-large wp-image-16295 lazy\" alt=\"\" data-src=\"https:\/\/mataroactiva.net\/wp-content\/uploads\/2025\/01\/st1.uvnimg-1024x684.jpg\" data-lazy=\"https:\/\/mataroactiva.net\/wp-content\/uploads\/2025\/01\/st1.uvnimg-1024x684.jpg\" \/>\t\t\t\t\t\t\t\t\t\t\t<figcaption class=\"widget-image-caption wp-caption-text\">Paparra preparant-se per a \"picar\"<\/figcaption>\n\t\t\t\t\t\t\t\t\t\t<\/figure>\n\t\t\t\t\t\t\t\t\t<\/div>\n\t\t\t\t<div class=\"elementor-element elementor-element-a2152a7 elementor-widget elementor-widget-heading\" data-id=\"a2152a7\" data-element_type=\"widget\" data-widget_type=\"heading.default\">\n\t\t\t\t\t<h2 class=\"elementor-heading-title elementor-size-default\">Els riscos de les picades de paparres<\/h2>\t\t\t\t<\/div>\n\t\t\t\t<div class=\"elementor-element elementor-element-5a7f3af elementor-widget elementor-widget-text-editor\" data-id=\"5a7f3af\" data-element_type=\"widget\" data-widget_type=\"text-editor.default\">\n\t\t\t\t\t\t\t\t\t<p>Les paparres no tan sols s\u00f3n molestes; tamb\u00e9 poden transmetre malalties. Algunes de les m\u00e9s conegudes s\u00f3n la malaltia de Lyme i la febre botonosa, que poden causar s\u00edmptomes com a febre, dolor muscular, erupcions cut\u00e0nies i, en casos greus, complicacions neurol\u00f2giques o card\u00edaques.<\/p><p>Encara que no totes les paparres s\u00f3n portadores de pat\u00f2gens, \u00e9s fonamental prendre precaucions per a evitar picades i saber com actuar en cas que ocorrin.<\/p>\t\t\t\t\t\t\t\t<\/div>\n\t\t\t\t<div class=\"elementor-element elementor-element-fbb1411 elementor-widget elementor-widget-heading\" data-id=\"fbb1411\" data-element_type=\"widget\" data-widget_type=\"heading.default\">\n\t\t\t\t\t<h2 class=\"elementor-heading-title elementor-size-default\">Recomanacions per a prevenir picades de paparres<\/h2>\t\t\t\t<\/div>\n\t\t\t\t<div class=\"elementor-element elementor-element-0d74ccc elementor-widget elementor-widget-text-editor\" data-id=\"0d74ccc\" data-element_type=\"widget\" data-widget_type=\"text-editor.default\">\n\t\t\t\t\t\t\t\t\t<ol start=\"1\"><li><p><strong>Evita zones de risc<\/strong>: Si passejar\u00e0s per \u00e0rees amb vegetaci\u00f3 alta o herba densa, intenta caminar per senderes buidades i evita el contacte directe amb la vegetaci\u00f3.<\/p><\/li><li><p><strong>Fes servir roba protectora<\/strong>: Porta m\u00e0nigues llargues, pantalons i mitjons alts. Preferiblement, tria peces de colors clars per a detectar m\u00e9s f\u00e0cilment la pres\u00e8ncia de paparres.<\/p><\/li><li><p><strong>Aplica repel\u00b7lent<\/strong>: Utilitza repel\u00b7lents d'insectes que continguin DEET, icaridina o permetrina, seguint sempre les instruccions del fabricant.<\/p><\/li><li><p><strong>Revisa el teu cos i roba<\/strong>: Despr\u00e9s d'estar en zones de risc, revisa acuradament la teva pell, especialment en \u00e0rees com a axil\u00b7les, engonals, coll i darrere de les orelles. Tamb\u00e9 sacseja la roba abans d'entrar a casa.<\/p><\/li><li><p><strong>Protegeix les teves mascotes<\/strong>: Les paparres solen adherir-se a gossos i gats. Usa collarets, pipetes o esprais antiparasitaris recomanats pel teu veterinari i revisa a les teves mascotes despr\u00e9s de passejar.<\/p><\/li><\/ol>\t\t\t\t\t\t\t\t<\/div>\n\t\t\t\t<div class=\"elementor-element elementor-element-093d03d elementor-widget elementor-widget-heading\" data-id=\"093d03d\" data-element_type=\"widget\" data-widget_type=\"heading.default\">\n\t\t\t\t\t<h2 class=\"elementor-heading-title elementor-size-default\">Qu\u00e8 fer si et pica una paparra?<\/h2>\t\t\t\t<\/div>\n\t\t\t\t<div class=\"elementor-element elementor-element-4440190 elementor-widget elementor-widget-text-editor\" data-id=\"4440190\" data-element_type=\"widget\" data-widget_type=\"text-editor.default\">\n\t\t\t\t\t\t\t\t\t<p>Si descobreixes una paparra adherida a la teva pell, \u00e9s important actuar amb calma i seguir aquests passos:<\/p><ol start=\"1\"><li><p><strong>No l'aixafis ni l'arrenquis<\/strong>: Fer-ho pot augmentar el risc d'infecci\u00f3.<\/p><\/li><li><p><strong>Fes \u00fas de pinces espec\u00edfiques<\/strong>: Amb unes pinces de punta fina, subjecta la paparra el m\u00e9s a prop possible de la pell i tira cap amunt amb un moviment ferm i constant.<\/p><\/li><li><p><strong>Desinfecta la zona<\/strong>: Neta la pell amb aigua i sab\u00f3, i aplica un antis\u00e8ptic.<\/p><\/li><li><p><strong>Guarda la paparra<\/strong>: Si \u00e9s possible, conserva el par\u00e0sit en un flasc\u00f3 perqu\u00e8 pugui ser analitzat en cas que apareguin s\u00edmptomes.<\/p><\/li><li><p><strong>Consulta a un metge<\/strong>: Si no pots extreure-la per complet, si apareixen s\u00edmptomes com a febre o erupcions, o si tens dubtes, busca atenci\u00f3 m\u00e8dica.<\/p><\/li><\/ol>\t\t\t\t\t\t\t\t<\/div>\n\t\t\t\t<div class=\"elementor-element elementor-element-186007b elementor-widget elementor-widget-image\" data-id=\"186007b\" data-element_type=\"widget\" data-widget_type=\"image.default\">\n\t\t\t\t\t\t\t\t\t\t\t\t<figure class=\"wp-caption\">\n\t\t\t\t\t\t\t\t\t\t<img width=\"550\" height=\"309\" class=\"attachment-large size-large wp-image-16296 lazy\" alt=\"\" data-src=\"https:\/\/mataroactiva.net\/wp-content\/uploads\/2025\/01\/550px-nowatermark-Remove-a-Tick-Step-2-Version-4.jpg\" data-lazy=\"https:\/\/mataroactiva.net\/wp-content\/uploads\/2025\/01\/550px-nowatermark-Remove-a-Tick-Step-2-Version-4.jpg\" \/>\t\t\t\t\t\t\t\t\t\t\t<figcaption class=\"widget-image-caption wp-caption-text\">Forma correcta d'extreure una paparra<\/figcaption>\n\t\t\t\t\t\t\t\t\t\t<\/figure>\n\t\t\t\t\t\t\t\t\t<\/div>\n\t\t\t\t<div class=\"elementor-element elementor-element-c2c020d elementor-widget elementor-widget-heading\" data-id=\"c2c020d\" data-element_type=\"widget\" data-widget_type=\"heading.default\">\n\t\t\t\t\t<h2 class=\"elementor-heading-title elementor-size-default\">Conscienciaci\u00f3 i acci\u00f3 col\u00b7lectiva<\/h2>\t\t\t\t<\/div>\n\t\t\t\t<div class=\"elementor-element elementor-element-8455061 elementor-widget elementor-widget-text-editor\" data-id=\"8455061\" data-element_type=\"widget\" data-widget_type=\"text-editor.default\">\n\t\t\t\t\t\t\t\t\t<p>L'arribada de les paparres a la ciutat \u00e9s un recordatori de la import\u00e0ncia de mantenir un equilibri entre els espais verds i la salut p\u00fablica. Les autoritats locals poden contribuir amb mesures com el control de plagues en parcs i jardins, aix\u00ed com campanyes de conscienciaci\u00f3 per a informar la poblaci\u00f3 sobre com prevenir i actuar davant aquest problema.<\/p><p>Entretant, la responsabilitat individual \u00e9s clau. Con\u00e8ixer els riscos, prendre precaucions i actuar de manera r\u00e0pida i adequada en cas de picades pot marcar la difer\u00e8ncia.<\/p>\t\t\t\t\t\t\t\t<\/div>\n\t\t\t\t\t<\/div>\n\t\t\t\t<\/div>\n\t\t\t\t<\/div>","protected":false},"excerpt":{"rendered":"<p>La llegada de las garrapatas a la ciudad: \u00bfQu\u00e9 debes saber y c\u00f3mo protegerte? En los \u00faltimos a\u00f1os, las garrapatas han dejado de ser un problema exclusivo de zonas rurales o boscosas para convertirse en una preocupaci\u00f3n creciente en entornos urbanos. Ciudades como Matar\u00f3 no son ajenas a este fen\u00f3meno, y la presencia de estos &hellip; <\/p>","protected":false},"author":23,"featured_media":16294,"comment_status":"open","ping_status":"open","sticky":false,"template":"","format":"standard","meta":{"footnotes":""},"categories":[1369],"tags":[1370,1371],"class_list":["post-16293","post","type-post","status-publish","format-standard","has-post-thumbnail","hentry","category-salud","tag-garrapatas","tag-lyme"],"_links":{"self":[{"href":"https:\/\/mataroactiva.net\/cat\/wp-json\/wp\/v2\/posts\/16293","targetHints":{"allow":["GET"]}}],"collection":[{"href":"https:\/\/mataroactiva.net\/cat\/wp-json\/wp\/v2\/posts"}],"about":[{"href":"https:\/\/mataroactiva.net\/cat\/wp-json\/wp\/v2\/types\/post"}],"author":[{"embeddable":true,"href":"https:\/\/mataroactiva.net\/cat\/wp-json\/wp\/v2\/users\/23"}],"replies":[{"embeddable":true,"href":"https:\/\/mataroactiva.net\/cat\/wp-json\/wp\/v2\/comments?post=16293"}],"version-history":[{"count":9,"href":"https:\/\/mataroactiva.net\/cat\/wp-json\/wp\/v2\/posts\/16293\/revisions"}],"predecessor-version":[{"id":16307,"href":"https:\/\/mataroactiva.net\/cat\/wp-json\/wp\/v2\/posts\/16293\/revisions\/16307"}],"wp:featuredmedia":[{"embeddable":true,"href":"https:\/\/mataroactiva.net\/cat\/wp-json\/wp\/v2\/media\/16294"}],"wp:attachment":[{"href":"https:\/\/mataroactiva.net\/cat\/wp-json\/wp\/v2\/media?parent=16293"}],"wp:term":[{"taxonomy":"category","embeddable":true,"href":"https:\/\/mataroactiva.net\/cat\/wp-json\/wp\/v2\/categories?post=16293"},{"taxonomy":"post_tag","embeddable":true,"href":"https:\/\/mataroactiva.net\/cat\/wp-json\/wp\/v2\/tags?post=16293"}],"curies":[{"name":"wp","href":"https:\/\/api.w.org\/{rel}","templated":true}]}}