{"id":16270,"date":"2025-01-30T20:41:35","date_gmt":"2025-01-30T19:41:35","guid":{"rendered":"https:\/?p=16270"},"modified":"2025-01-30T21:30:00","modified_gmt":"2025-01-30T20:30:00","slug":"la-riera-de-mataro-pierde-a-benetton-un-simbolo-comercial-que-se-despide","status":"publish","type":"post","link":"https:\/\/mataroactiva.net\/cat\/la-riera-de-mataro-pierde-a-benetton-un-simbolo-comercial-que-se-despide\/","title":{"rendered":"La Riera de Matar\u00f3 perd a Benetton: Un s\u00edmbol comercial que s'acomiada"},"content":{"rendered":"<div data-elementor-type=\"wp-post\" data-elementor-id=\"16270\" class=\"elementor elementor-16270\" data-elementor-post-type=\"post\">\n\t\t\t\t<div class=\"elementor-element elementor-element-3e5e3e6 e-flex e-con-boxed e-con e-parent\" data-id=\"3e5e3e6\" data-element_type=\"container\">\n\t\t\t\t\t<div class=\"e-con-inner\">\n\t\t\t\t<div class=\"elementor-element elementor-element-44da7d2 elementor-widget elementor-widget-heading\" data-id=\"44da7d2\" data-element_type=\"widget\" data-widget_type=\"heading.default\">\n\t\t\t\t\t<h2 class=\"elementor-heading-title elementor-size-default\">La fi d'una era: Benetton tanca la seva emblem\u00e0tica botiga a La Riera de Matar\u00f3\n\n<\/h2>\t\t\t\t<\/div>\n\t\t\t\t<div class=\"elementor-element elementor-element-5d229e8 elementor-widget elementor-widget-text-editor\" data-id=\"5d229e8\" data-element_type=\"widget\" data-widget_type=\"text-editor.default\">\n\t\t\t\t\t\t\t\t\t<p>El centre de Matar\u00f3 s'acomiada d'un dels seus comer\u00e7os m\u00e9s ic\u00f2nics. La botiga de Benetton en La Riera, un establiment que durant m\u00e9s de tres d\u00e8cades ha format part del paisatge urb\u00e0 i comercial de la ciutat, tancar\u00e0 les seves portes definitivament el pr\u00f2xim 22 de febrer. Aquest fet no sols marca el final d'una etapa per a la marca italiana, sin\u00f3 que tamb\u00e9 reflecteix els desafiaments als quals s'enfronten els comer\u00e7os tradicionals en el cor de Matar\u00f3.<\/p>\t\t\t\t\t\t\t\t<\/div>\n\t\t<div class=\"elementor-element elementor-element-d036355 e-con-full e-flex e-con e-child\" data-id=\"d036355\" data-element_type=\"container\">\n\t\t<div class=\"elementor-element elementor-element-45a3e51 e-flex e-con-boxed e-con e-child\" data-id=\"45a3e51\" data-element_type=\"container\">\n\t\t\t\t\t<div class=\"e-con-inner\">\n\t\t\t\t<div class=\"elementor-element elementor-element-d1fcce0 elementor-widget elementor-widget-listings_slider\" data-id=\"d1fcce0\" data-element_type=\"widget\" data-widget_type=\"listings_slider.default\">\n\t\t\t\t<div class=\"elementor-widget-container\">\n\t\t\t\t\t        <!-- carousel -->\r\n        <div class=\"listing-slider-wrap fl-wrap\">\r\n            \r\n                        \r\n            <div class=\"listing-slider fl-wrap listing-slider-editor-col-1\">\r\n                <div class=\"swiper-container\" data-options='{\"simulateTouch\":false,\"slidesPerView\":1,\"breakpoints\":{\"850\":{\"slidesPerView\":1},\"1270\":{\"slidesPerView\":1},\"1650\":{\"slidesPerView\":1},\"2560\":{\"slidesPerView\":1}},\"centeredSlides\":true}' >\r\n                    <div class=\"swiper-wrapper\">\r\n\r\n                                                    <!--  swiper-slide  -->\r\n<div class=\"swiper-slide\">\r\n    <div class=\"listing-slider-item fl-wrap\">\r\n        <!-- listing-item  -->\r\n        <div class=\"listing-item listing_carditem\">\r\n            <article class=\"geodir-category-listing fl-wrap\">\r\n                <div class=\"geodir-category-img\">\r\n                    \r\n                        \r\n                    <a href=\"https:\/\/mataroactiva.net\/cat\/negocio\/benetton-mataro-la-riera\/\" class=\"listing-thumb-link geodir-category-img-wrap fl-wrap\">\r\n                        \r\n                        <img width=\"373\" height=\"280\" class=\"respimg swiper-lazy\" alt=\"\" data-src=\"https:\/\/mataroactiva.net\/wp-content\/uploads\/2024\/10\/image-6-scaled.jpg\" \/>                    <\/a>\r\n                    \r\n                     \r\n                    \r\n                                        \r\n                     \r\n                    <div class=\"geodir-category-opt dis-flex flw-wrap\">\r\n                        <div class=\"geodir-category-opt_title\">\r\n                            <h4>\r\n                                                                <a href=\"https:\/\/mataroactiva.net\/cat\/negocio\/benetton-mataro-la-riera\/\">Benetton Matar\u00f3 La Riera<\/a>\r\n                                                            <\/h4>\r\n                                                    <div class=\"geodir-category-location\"><a href=\"https:\/\/www.google.com\/maps\/search\/?api=1&amp;query=41.5393658,2.4446163\" target=\"_blank\" rel=\"noopener\"><i class=\"fas fa-map-marker-alt\"><\/i>C\/ de la Riera 33, 08301 Matar\u00f3<\/a><\/div>\r\n                                                <\/div>\r\n                        \r\n\r\n                                                      \r\n\r\n                        <div class=\"listing_carditem_footer fl-wrap dis-flex\">\r\n                                                                                        <div class=\"listing-cats-wrap dis-flex\">\r\n                                    <a href=\"https:\/\/mataroactiva.net\/cat\/categoria_de_negocio\/tiendas-de-ropa\/\" class=\"listing-item-category-wrap flex-items-center\"><div class=\"listing-item-category purp-bg\"><i class=\"far fa-tshirt\"><\/i><\/div><span>Botigues de Roba<\/span><\/a>                                 <\/div>\r\n                                                                                    <div class=\"price-level geodir-category_price flex-items-center\">\r\n                                <span class=\"price-level-item\" data-pricerating=\"2\"><\/span>\r\n                                <span class=\"price-name-tooltip\">Moderate<\/span>\r\n                            <\/div>\r\n                             \r\n                             \r\n                                                                                <\/div>\r\n                    <\/div>\r\n                <\/div>\r\n            <\/article>\r\n        <\/div>\r\n        <!-- listing-item end -->\r\n    <\/div>\r\n<\/div>\r\n<!--  swiper-slide end  -->\r\n                         \r\n                                                             \r\n                    <\/div>\r\n                <\/div>\r\n                <div class=\"listing-carousel-button listing-carousel-button-next2\"><i class=\"fas fa-caret-right\"><\/i><\/div>\r\n                <div class=\"listing-carousel-button listing-carousel-button-prev2\"><i class=\"fas fa-caret-left\"><\/i><\/div>\r\n            <\/div>\r\n            <div class=\"tc-pagination_wrap\">\r\n                <div class=\"tc-pagination2\"><\/div>\r\n            <\/div>\r\n            \r\n\r\n        <\/div>\r\n        <!--  carousel end-->\r\n        \t\t\t\t<\/div>\n\t\t\t\t<\/div>\n\t\t\t\t\t<\/div>\n\t\t\t\t<\/div>\n\t\t<div class=\"elementor-element elementor-element-5b40195 e-con-full e-flex e-con e-child\" data-id=\"5b40195\" data-element_type=\"container\">\n\t\t<div class=\"elementor-element elementor-element-d205353 e-con-full e-flex e-con e-child\" data-id=\"d205353\" data-element_type=\"container\">\n\t\t\t\t<div class=\"elementor-element elementor-element-7547f3f elementor-widget elementor-widget-heading\" data-id=\"7547f3f\" data-element_type=\"widget\" data-widget_type=\"heading.default\">\n\t\t\t\t\t<h2 class=\"elementor-heading-title elementor-size-default\">Un local amb hist\u00f2ria i simbolisme<\/h2>\t\t\t\t<\/div>\n\t\t\t\t<div class=\"elementor-element elementor-element-e810446 elementor-widget elementor-widget-text-editor\" data-id=\"e810446\" data-element_type=\"widget\" data-widget_type=\"text-editor.default\">\n\t\t\t\t\t\t\t\t\t<p>La botiga de Benetton de La Riera no era simplement un lloc per a comprar roba; era un punt de refer\u00e8ncia a la ciutat. La seva ubicaci\u00f3 privilegiada, en una dels carrers m\u00e9s transitats i comercials de Matar\u00f3, la convertia en un lloc de pas obligat per a ve\u00efns i visitants. Amb el seu aparador sempre cuidat i la seva oferta de moda reconeguda a nivell internacional, el local es va guanyar un lloc especial en la mem\u00f2ria col\u00b7lectiva de la ciutat.<\/p>\t\t\t\t\t\t\t\t<\/div>\n\t\t\t\t<\/div>\n\t\t\t\t<\/div>\n\t\t\t\t<\/div>\n\t\t\t\t<div class=\"elementor-element elementor-element-a2e9308 elementor-widget elementor-widget-text-editor\" data-id=\"a2e9308\" data-element_type=\"widget\" data-widget_type=\"text-editor.default\">\n\t\t\t\t\t\t\t\t\t<p>El tancament d'aquest establiment no tan sols afecta als clients habituals de la marca, sin\u00f3 que tamb\u00e9 deixa un buit en el teixit comercial de la zona. La Riera, coneguda pel seu ambient vibrant i la seva barreja de comer\u00e7os, perd un dels seus pilars m\u00e9s emblem\u00e0tics.<\/p>\t\t\t\t\t\t\t\t<\/div>\n\t\t\t\t<div class=\"elementor-element elementor-element-7988048 elementor-widget elementor-widget-heading\" data-id=\"7988048\" data-element_type=\"widget\" data-widget_type=\"heading.default\">\n\t\t\t\t\t<h2 class=\"elementor-heading-title elementor-size-default\">Els motius darrere del tancament<\/h2>\t\t\t\t<\/div>\n\t\t\t\t<div class=\"elementor-element elementor-element-e7306aa elementor-widget elementor-widget-text-editor\" data-id=\"e7306aa\" data-element_type=\"widget\" data-widget_type=\"text-editor.default\">\n\t\t\t\t\t\t\t\t\t<p>El tancament de la botiga de Benetton a Matar\u00f3 no \u00e9s un fet a\u00efllat, sin\u00f3 que forma part d'una tend\u00e8ncia m\u00e9s \u00e0mplia que afecta la marca a nivell global. En els \u00faltims anys, Benetton ha enfrontat dificultats financeres significatives, la qual cosa ha portat a la companyia a tancar nombroses botigues a tot el m\u00f3n.<\/p><p>La pand\u00e8mia de COVID-19 va accelerar aquest proc\u00e9s, ja que les restriccions i el canvi en els h\u00e0bits de consum van afectar greument les vendes en botigues f\u00edsiques. Encara que la marca ha intentat adaptar-se a les noves demandes del mercat, la compet\u00e8ncia de marques low cost i l'auge del comer\u00e7 en l\u00ednia han fet que el seu model de negoci sigui menys sostenible.<\/p><p>A m\u00e9s, l'augment dels costos operatius, inclosos els lloguers en zones c\u00e8ntriques com La Riera, ha contribu\u00eft a la decisi\u00f3 de tancar aquest local. Per a moltes marques, mantenir una pres\u00e8ncia f\u00edsica en \u00e0rees amb alts costos de lloguer ja no \u00e9s rendible, especialment quan una part creixent de les vendes es realitza a trav\u00e9s de canals digitals.<\/p>\t\t\t\t\t\t\t\t<\/div>\n\t\t\t\t<div class=\"elementor-element elementor-element-952287f elementor-widget elementor-widget-image\" data-id=\"952287f\" data-element_type=\"widget\" data-widget_type=\"image.default\">\n\t\t\t\t\t\t\t\t\t\t\t\t<figure class=\"wp-caption\">\n\t\t\t\t\t\t\t\t\t\t<img width=\"724\" height=\"407\" class=\"attachment-large size-large wp-image-16277 lazy\" alt=\"\" data-src=\"https:\/\/mataroactiva.net\/wp-content\/uploads\/2025\/01\/BenettonInterior-1024x576.jpg\" data-lazy=\"https:\/\/mataroactiva.net\/wp-content\/uploads\/2025\/01\/BenettonInterior-1024x576.jpg\" \/>\t\t\t\t\t\t\t\t\t\t\t<figcaption class=\"widget-image-caption wp-caption-text\">Gamma de colors de Benetton<\/figcaption>\n\t\t\t\t\t\t\t\t\t\t<\/figure>\n\t\t\t\t\t\t\t\t\t<\/div>\n\t\t\t\t<div class=\"elementor-element elementor-element-a2152a7 elementor-widget elementor-widget-heading\" data-id=\"a2152a7\" data-element_type=\"widget\" data-widget_type=\"heading.default\">\n\t\t\t\t\t<h2 class=\"elementor-heading-title elementor-size-default\">El declive del tejido empresarial en el centro de Matar\u00f3<\/h2>\t\t\t\t<\/div>\n\t\t\t\t<div class=\"elementor-element elementor-element-5a7f3af elementor-widget elementor-widget-text-editor\" data-id=\"5a7f3af\" data-element_type=\"widget\" data-widget_type=\"text-editor.default\">\n\t\t\t\t\t\t\t\t\t<p>El tancament de Benetton en La Riera \u00e9s un exemple m\u00e9s de la p\u00e8rdua progressiva de comer\u00e7os en el centre de Matar\u00f3. En els \u00faltims anys, la ciutat ha vist com nombrosos establiments tradicionals tancaven les seves portes, deixant despr\u00e9s de si locals buits que alteren la din\u00e0mica comercial i social de la zona.<\/p><p>Un dels principals factors que contribueixen a aquest fenomen \u00e9s l'augment dels preus del lloguer. Per a molts petits i mitjans comer\u00e7os, els costos de mantenir-se al centre de la ciutat s\u00f3n simplement insostenibles. A aix\u00f2 se suma la compet\u00e8ncia de grans superf\u00edcies comercials als afores i el creixement imparable del comer\u00e7 en l\u00ednia, que ofereix preus m\u00e9s baixos i una major comoditat per als consumidors.<\/p><p>Aquest declivi no tan sols afecta a l'economia local, sin\u00f3 tamb\u00e9 al car\u00e0cter i la identitat de la ciutat. El centre de Matar\u00f3, hist\u00f2ricament un espai de trobada i activitat comercial, corre el risc de perdre la seva ess\u00e8ncia si no es prenen mesures per a fer costat als comer\u00e7os tradicionals.<\/p>\t\t\t\t\t\t\t\t<\/div>\n\t\t\t\t<div class=\"elementor-element elementor-element-fbb1411 elementor-widget elementor-widget-heading\" data-id=\"fbb1411\" data-element_type=\"widget\" data-widget_type=\"heading.default\">\n\t\t\t\t\t<h2 class=\"elementor-heading-title elementor-size-default\">Reflexions finals<\/h2>\t\t\t\t<\/div>\n\t\t\t\t<div class=\"elementor-element elementor-element-0d74ccc elementor-widget elementor-widget-text-editor\" data-id=\"0d74ccc\" data-element_type=\"widget\" data-widget_type=\"text-editor.default\">\n\t\t\t\t\t\t\t\t\t<p>El tancament de la botiga de Benetton en La Riera de Matar\u00f3 \u00e9s un recordatori dels canvis profunds que est\u00e0 experimentant el comer\u00e7 minorista. Mentre les marques s'adapten a un nou panorama dominat pel digital, les ciutats han de trobar maneres de revitalitzar els seus centres urbans i fer costat als comer\u00e7os que donen vida als seus carrers.<\/p><p>Per a Matar\u00f3, aquest tancament representa una oportunitat per a reflexionar sobre el futur del seu teixit empresarial i buscar solucions que permetin mantenir la vitalitat del seu centre hist\u00f2ric. Despr\u00e9s de tot, una ciutat no \u00e9s nom\u00e9s els seus edificis, sin\u00f3 tamb\u00e9 les persones i els comer\u00e7os que l'habiten.<\/p>\t\t\t\t\t\t\t\t<\/div>\n\t\t\t\t<div class=\"elementor-element elementor-element-4440190 elementor-widget elementor-widget-text-editor\" data-id=\"4440190\" data-element_type=\"widget\" data-widget_type=\"text-editor.default\">\n\t\t\t\t\t\t\t\t\t<p>I tu, qu\u00e8 opines sobre aquest tema? Pots deixar el teu comentari m\u00e9s a baix.<\/p>\t\t\t\t\t\t\t\t<\/div>\n\t\t\t\t\t<\/div>\n\t\t\t\t<\/div>\n\t\t\t\t<\/div>","protected":false},"excerpt":{"rendered":"<p>El fin de una era: Benetton cierra su emblem\u00e1tica tienda en La Riera de Matar\u00f3 El centro de Matar\u00f3 se despide de uno de sus comercios m\u00e1s ic\u00f3nicos. La tienda de Benetton en La Riera, un establecimiento que durante m\u00e1s de tres d\u00e9cadas ha formado parte del paisaje urbano y comercial de la ciudad, cerrar\u00e1 &hellip; <\/p>","protected":false},"author":23,"featured_media":13956,"comment_status":"open","ping_status":"open","sticky":false,"template":"","format":"standard","meta":{"footnotes":""},"categories":[1366],"tags":[1367,1368,1365],"class_list":["post-16270","post","type-post","status-publish","format-standard","has-post-thumbnail","hentry","category-negocios","tag-cierre","tag-emblematico","tag-negocios"],"_links":{"self":[{"href":"https:\/\/mataroactiva.net\/cat\/wp-json\/wp\/v2\/posts\/16270","targetHints":{"allow":["GET"]}}],"collection":[{"href":"https:\/\/mataroactiva.net\/cat\/wp-json\/wp\/v2\/posts"}],"about":[{"href":"https:\/\/mataroactiva.net\/cat\/wp-json\/wp\/v2\/types\/post"}],"author":[{"embeddable":true,"href":"https:\/\/mataroactiva.net\/cat\/wp-json\/wp\/v2\/users\/23"}],"replies":[{"embeddable":true,"href":"https:\/\/mataroactiva.net\/cat\/wp-json\/wp\/v2\/comments?post=16270"}],"version-history":[{"count":15,"href":"https:\/\/mataroactiva.net\/cat\/wp-json\/wp\/v2\/posts\/16270\/revisions"}],"predecessor-version":[{"id":16292,"href":"https:\/\/mataroactiva.net\/cat\/wp-json\/wp\/v2\/posts\/16270\/revisions\/16292"}],"wp:featuredmedia":[{"embeddable":true,"href":"https:\/\/mataroactiva.net\/cat\/wp-json\/wp\/v2\/media\/13956"}],"wp:attachment":[{"href":"https:\/\/mataroactiva.net\/cat\/wp-json\/wp\/v2\/media?parent=16270"}],"wp:term":[{"taxonomy":"category","embeddable":true,"href":"https:\/\/mataroactiva.net\/cat\/wp-json\/wp\/v2\/categories?post=16270"},{"taxonomy":"post_tag","embeddable":true,"href":"https:\/\/mataroactiva.net\/cat\/wp-json\/wp\/v2\/tags?post=16270"}],"curies":[{"name":"wp","href":"https:\/\/api.w.org\/{rel}","templated":true}]}}