{"id":16141,"date":"2025-01-28T00:38:52","date_gmt":"2025-01-27T23:38:52","guid":{"rendered":"https:\/?p=16141"},"modified":"2025-01-30T16:12:09","modified_gmt":"2025-01-30T15:12:09","slug":"top-5-restaurantes-de-mataro","status":"publish","type":"post","link":"https:\/\/mataroactiva.net\/cat\/top-5-restaurantes-de-mataro\/","title":{"rendered":"TOP 5 Restaurantes de Matar\u00f3"},"content":{"rendered":"<div data-elementor-type=\"wp-post\" data-elementor-id=\"16141\" class=\"elementor elementor-16141\" data-elementor-post-type=\"post\">\n\t\t\t\t<div class=\"elementor-element elementor-element-3e5e3e6 e-flex e-con-boxed e-con e-parent\" data-id=\"3e5e3e6\" data-element_type=\"container\">\n\t\t\t\t\t<div class=\"e-con-inner\">\n\t\t\t\t<div class=\"elementor-element elementor-element-5d229e8 elementor-widget elementor-widget-text-editor\" data-id=\"5d229e8\" data-element_type=\"widget\" data-widget_type=\"text-editor.default\">\n\t\t\t\t\t\t\t\t\t<p>A continuaci\u00f3n, te presentamos una selecci\u00f3n de los mejores restaurantes de la ciudad (seg\u00fan nuestra humilde opini\u00f3n). Cada uno de ellos cuenta con una propuesta culinaria \u00fanica que merece ser explorada, disfrutada y por supuesto, compartida.<\/p><p>Pese a ser un TOP no vamos a ordenarlos de menor a mayor ni nada por el estilo. Todos ellos merecen estar arriba por m\u00e9ritos propios y dejaremos en tu mano el &#8220;orden&#8221; de cada uno de ellos dentro de este TOP 5 restaurantes de Matar\u00f3.<\/p>\t\t\t\t\t\t\t\t<\/div>\n\t\t\t\t<div class=\"elementor-element elementor-element-44da7d2 elementor-widget elementor-widget-heading\" data-id=\"44da7d2\" data-element_type=\"widget\" data-widget_type=\"heading.default\">\n\t\t\t\t\t<h2 class=\"elementor-heading-title elementor-size-default\">1 - Dos Cuiners<\/h2>\t\t\t\t<\/div>\n\t\t<div class=\"elementor-element elementor-element-d036355 e-con-full e-flex e-con e-child\" data-id=\"d036355\" data-element_type=\"container\">\n\t\t<div class=\"elementor-element elementor-element-45a3e51 e-flex e-con-boxed e-con e-child\" data-id=\"45a3e51\" data-element_type=\"container\">\n\t\t\t\t\t<div class=\"e-con-inner\">\n\t\t\t\t<div class=\"elementor-element elementor-element-d1fcce0 elementor-widget elementor-widget-listings_slider\" data-id=\"d1fcce0\" data-element_type=\"widget\" data-widget_type=\"listings_slider.default\">\n\t\t\t\t<div class=\"elementor-widget-container\">\n\t\t\t\t\t        <!-- carousel -->\r\n        <div class=\"listing-slider-wrap fl-wrap\">\r\n            \r\n                        \r\n            <div class=\"listing-slider fl-wrap listing-slider-editor-col-1\">\r\n                <div class=\"swiper-container\" data-options='{\"simulateTouch\":false,\"slidesPerView\":1,\"breakpoints\":{\"850\":{\"slidesPerView\":1},\"1270\":{\"slidesPerView\":1},\"1650\":{\"slidesPerView\":1},\"2560\":{\"slidesPerView\":1}},\"centeredSlides\":true}' >\r\n                    <div class=\"swiper-wrapper\">\r\n\r\n                                                    <!--  swiper-slide  -->\r\n<div class=\"swiper-slide\">\r\n    <div class=\"listing-slider-item fl-wrap\">\r\n        <!-- listing-item  -->\r\n        <div class=\"listing-item listing_carditem\">\r\n            <article class=\"geodir-category-listing fl-wrap\">\r\n                <div class=\"geodir-category-img\">\r\n                    \r\n                        \r\n                    <a href=\"https:\/\/mataroactiva.net\/cat\/negocio\/dos-cuiners\/\" class=\"listing-thumb-link geodir-category-img-wrap fl-wrap\">\r\n                        \r\n                        <img width=\"424\" height=\"280\" class=\"respimg swiper-lazy\" alt=\"Entrada Dos Cuiners Matar\u00f3\" data-src=\"https:\/\/mataroactiva.net\/wp-content\/uploads\/2024\/05\/20170322_132503-424x280.jpg\" \/>                    <\/a>\r\n                    \r\n                     \r\n                    \r\n                                        \r\n                     \r\n                    <div class=\"geodir-category-opt dis-flex flw-wrap\">\r\n                        <div class=\"geodir-category-opt_title\">\r\n                            <h4>\r\n                                                                <a href=\"https:\/\/mataroactiva.net\/cat\/negocio\/dos-cuiners\/\">Dos Cuiners<\/a>\r\n                                                            <\/h4>\r\n                                                    <div class=\"geodir-category-location\"><a href=\"https:\/\/www.google.com\/maps\/search\/?api=1&amp;query=41.53877,2.443869\" target=\"_blank\" rel=\"noopener\"><i class=\"fas fa-map-marker-alt\"><\/i>Muralla Sant Llorenc, 18, 08302 Matar\u00f3<\/a><\/div>\r\n                                                <\/div>\r\n                        \r\n\r\n                                                      \r\n\r\n                        <div class=\"listing_carditem_footer fl-wrap dis-flex\">\r\n                                                                                        <div class=\"listing-cats-wrap dis-flex\">\r\n                                    <a href=\"https:\/\/mataroactiva.net\/cat\/categoria_de_negocio\/mediterranea\/\" class=\"listing-item-category-wrap flex-items-center\"><div class=\"listing-item-category cus-a91417\"><i class=\"fad fa-cauldron\"><\/i><\/div><span>Mediterr\u00e0nia<\/span><\/a>                                 <\/div>\r\n                                                                                    <div class=\"price-level geodir-category_price flex-items-center\">\r\n                                <span class=\"price-level-item\" data-pricerating=\"3\"><\/span>\r\n                                <span class=\"price-name-tooltip\">Pricey<\/span>\r\n                            <\/div>\r\n                             \r\n                             \r\n                                                                                <\/div>\r\n                    <\/div>\r\n                <\/div>\r\n            <\/article>\r\n        <\/div>\r\n        <!-- listing-item end -->\r\n    <\/div>\r\n<\/div>\r\n<!--  swiper-slide end  -->\r\n                         \r\n                                                             \r\n                    <\/div>\r\n                <\/div>\r\n                <div class=\"listing-carousel-button listing-carousel-button-next2\"><i class=\"fas fa-caret-right\"><\/i><\/div>\r\n                <div class=\"listing-carousel-button listing-carousel-button-prev2\"><i class=\"fas fa-caret-left\"><\/i><\/div>\r\n            <\/div>\r\n            <div class=\"tc-pagination_wrap\">\r\n                <div class=\"tc-pagination2\"><\/div>\r\n            <\/div>\r\n            \r\n\r\n        <\/div>\r\n        <!--  carousel end-->\r\n        \t\t\t\t<\/div>\n\t\t\t\t<\/div>\n\t\t\t\t\t<\/div>\n\t\t\t\t<\/div>\n\t\t<div class=\"elementor-element elementor-element-5b40195 e-con-full e-flex e-con e-child\" data-id=\"5b40195\" data-element_type=\"container\">\n\t\t<div class=\"elementor-element elementor-element-d205353 e-con-full e-flex e-con e-child\" data-id=\"d205353\" data-element_type=\"container\">\n\t\t\t\t<div class=\"elementor-element elementor-element-7e2fb05 elementor-widget__width-inherit elementor-widget elementor-widget-text-editor\" data-id=\"7e2fb05\" data-element_type=\"widget\" data-widget_type=\"text-editor.default\">\n\t\t\t\t\t\t\t\t\t<p>Ubicado en la Muralla de Sant Lloren\u00e7, 18, Dos Cuiners nos sorprendi\u00f3 gratamente con su cocina mediterr\u00e1nea y europea.<\/p><p>Desde el primer bocado, pudimos apreciar la frescura de los ingredientes y la dedicaci\u00f3n en cada plato.<\/p><p>El ambiente acogedor y el servicio atento hicieron de nuestra visita una experiencia memorable<\/p>\t\t\t\t\t\t\t\t<\/div>\n\t\t\t\t<\/div>\n\t\t<div class=\"elementor-element elementor-element-b3aa42e e-con-full e-flex e-con e-child\" data-id=\"b3aa42e\" data-element_type=\"container\">\n\t\t<div class=\"elementor-element elementor-element-d7d68b4 e-con-full e-flex e-con e-child\" data-id=\"d7d68b4\" data-element_type=\"container\">\n\t\t\t\t<div class=\"elementor-element elementor-element-8a037b1 elementor-widget elementor-widget-text-editor\" data-id=\"8a037b1\" data-element_type=\"widget\" data-widget_type=\"text-editor.default\">\n\t\t\t\t\t\t\t\t\t<p style=\"text-align: center;\">Vegan Friendly<\/p>\t\t\t\t\t\t\t\t<\/div>\n\t\t\t\t<\/div>\n\t\t<div class=\"elementor-element elementor-element-4703ee0 e-con-full e-flex e-con e-child\" data-id=\"4703ee0\" data-element_type=\"container\">\n\t\t\t\t<div class=\"elementor-element elementor-element-db0b68a elementor-widget elementor-widget-text-editor\" data-id=\"db0b68a\" data-element_type=\"widget\" data-widget_type=\"text-editor.default\">\n\t\t\t\t\t\t\t\t\t<p style=\"text-align: center;\">Cocina Autor<\/p>\t\t\t\t\t\t\t\t<\/div>\n\t\t\t\t<\/div>\n\t\t<div class=\"elementor-element elementor-element-4742e1b e-con-full e-flex e-con e-child\" data-id=\"4742e1b\" data-element_type=\"container\">\n\t\t\t\t<div class=\"elementor-element elementor-element-31b71ee elementor-widget elementor-widget-text-editor\" data-id=\"31b71ee\" data-element_type=\"widget\" data-widget_type=\"text-editor.default\">\n\t\t\t\t\t\t\t\t\t<p style=\"text-align: center;\">Men\u00fa Mediodia<\/p>\t\t\t\t\t\t\t\t<\/div>\n\t\t\t\t<\/div>\n\t\t\t\t<\/div>\n\t\t\t\t<\/div>\n\t\t\t\t<\/div>\n\t\t\t\t<div class=\"elementor-element elementor-element-7988048 elementor-widget elementor-widget-heading\" data-id=\"7988048\" data-element_type=\"widget\" data-widget_type=\"heading.default\">\n\t\t\t\t\t<h2 class=\"elementor-heading-title elementor-size-default\">2 - La Marineta<\/h2>\t\t\t\t<\/div>\n\t\t<div class=\"elementor-element elementor-element-eeccfbd e-con-full e-flex e-con e-child\" data-id=\"eeccfbd\" data-element_type=\"container\">\n\t\t<div class=\"elementor-element elementor-element-ef62154 e-flex e-con-boxed e-con e-child\" data-id=\"ef62154\" data-element_type=\"container\">\n\t\t\t\t\t<div class=\"e-con-inner\">\n\t\t\t\t<div class=\"elementor-element elementor-element-008d620 elementor-widget elementor-widget-listings_slider\" data-id=\"008d620\" data-element_type=\"widget\" data-widget_type=\"listings_slider.default\">\n\t\t\t\t<div class=\"elementor-widget-container\">\n\t\t\t\t\t        <!-- carousel -->\r\n        <div class=\"listing-slider-wrap fl-wrap\">\r\n            \r\n                        \r\n            <div class=\"listing-slider fl-wrap listing-slider-editor-col-1\">\r\n                <div class=\"swiper-container\" data-options='{\"simulateTouch\":false,\"slidesPerView\":1,\"breakpoints\":{\"850\":{\"slidesPerView\":1},\"1270\":{\"slidesPerView\":1},\"1650\":{\"slidesPerView\":1},\"2560\":{\"slidesPerView\":1}},\"centeredSlides\":true}' >\r\n                    <div class=\"swiper-wrapper\">\r\n\r\n                                                    <!--  swiper-slide  -->\r\n<div class=\"swiper-slide\">\r\n    <div class=\"listing-slider-item fl-wrap\">\r\n        <!-- listing-item  -->\r\n        <div class=\"listing-item listing_carditem\">\r\n            <article class=\"geodir-category-listing fl-wrap\">\r\n                <div class=\"geodir-category-img\">\r\n                    \r\n                        \r\n                    <a href=\"https:\/\/mataroactiva.net\/cat\/negocio\/la-marineta\/\" class=\"listing-thumb-link geodir-category-img-wrap fl-wrap\">\r\n                        \r\n                        <img width=\"424\" height=\"280\" class=\"respimg swiper-lazy\" alt=\"Entrada La Marineta Matar\u00f3\" data-src=\"https:\/\/mataroactiva.net\/wp-content\/uploads\/2024\/05\/La-Marineta-08302-Carrer-de-Cuba-76-08302-Mataro-Barcelona-1-424x280.jpg\" \/>                    <\/a>\r\n                    \r\n                     \r\n                    \r\n                                        \r\n                     \r\n                    <div class=\"geodir-category-opt dis-flex flw-wrap\">\r\n                        <div class=\"geodir-category-opt_title\">\r\n                            <h4>\r\n                                                                <a href=\"https:\/\/mataroactiva.net\/cat\/negocio\/la-marineta\/\">La Marineta Matar\u00f3<\/a>\r\n                                                            <\/h4>\r\n                                                    <div class=\"geodir-category-location\"><a href=\"https:\/\/www.google.com\/maps\/search\/?api=1&amp;query=41.5366,2.441319\" target=\"_blank\" rel=\"noopener\"><i class=\"fas fa-map-marker-alt\"><\/i>C\/ de Cuba 76, 08302 Matar\u00f3<\/a><\/div>\r\n                                                <\/div>\r\n                        \r\n\r\n                          \r\n\r\n                        <div class=\"listing_carditem_footer fl-wrap dis-flex\">\r\n                                                                                        <div class=\"listing-cats-wrap dis-flex\">\r\n                                    <a href=\"https:\/\/mataroactiva.net\/cat\/categoria_de_negocio\/mediterranea\/\" class=\"listing-item-category-wrap flex-items-center\"><div class=\"listing-item-category cus-a91417\"><i class=\"fad fa-cauldron\"><\/i><\/div><span>Mediterr\u00e0nia<\/span><\/a>                                 <\/div>\r\n                                                                                    <div class=\"price-level geodir-category_price flex-items-center\">\r\n                                <span class=\"price-level-item\" data-pricerating=\"3\"><\/span>\r\n                                <span class=\"price-name-tooltip\">Pricey<\/span>\r\n                            <\/div>\r\n                             \r\n                             \r\n                                                                                <\/div>\r\n                    <\/div>\r\n                <\/div>\r\n            <\/article>\r\n        <\/div>\r\n        <!-- listing-item end -->\r\n    <\/div>\r\n<\/div>\r\n<!--  swiper-slide end  -->\r\n                         \r\n                                                             \r\n                    <\/div>\r\n                <\/div>\r\n                <div class=\"listing-carousel-button listing-carousel-button-next2\"><i class=\"fas fa-caret-right\"><\/i><\/div>\r\n                <div class=\"listing-carousel-button listing-carousel-button-prev2\"><i class=\"fas fa-caret-left\"><\/i><\/div>\r\n            <\/div>\r\n            <div class=\"tc-pagination_wrap\">\r\n                <div class=\"tc-pagination2\"><\/div>\r\n            <\/div>\r\n            \r\n\r\n        <\/div>\r\n        <!--  carousel end-->\r\n        \t\t\t\t<\/div>\n\t\t\t\t<\/div>\n\t\t\t\t\t<\/div>\n\t\t\t\t<\/div>\n\t\t<div class=\"elementor-element elementor-element-ff44662 e-con-full e-flex e-con e-child\" data-id=\"ff44662\" data-element_type=\"container\">\n\t\t<div class=\"elementor-element elementor-element-1c3763c e-con-full e-flex e-con e-child\" data-id=\"1c3763c\" data-element_type=\"container\">\n\t\t\t\t<div class=\"elementor-element elementor-element-a2e9308 elementor-widget__width-inherit elementor-widget elementor-widget-text-editor\" data-id=\"a2e9308\" data-element_type=\"widget\" data-widget_type=\"text-editor.default\">\n\t\t\t\t\t\t\t\t\t<p>En la Calle Cuba, 76, encontramos La Marineta, un lugar que combina tradici\u00f3n y modernidad en su propuesta culinaria.<\/p><p>Sus tapas innovadoras y platos bien elaborados nos dejaron con ganas de regresar, todo un espect\u00e1culo.<\/p><p>La atm\u00f3sfera \u00edntima y el personal amable complementaron perfectamente la experiencia.<\/p>\t\t\t\t\t\t\t\t<\/div>\n\t\t\t\t<\/div>\n\t\t<div class=\"elementor-element elementor-element-ab9df62 e-con-full e-flex e-con e-child\" data-id=\"ab9df62\" data-element_type=\"container\">\n\t\t<div class=\"elementor-element elementor-element-2888cc4 e-con-full e-flex e-con e-child\" data-id=\"2888cc4\" data-element_type=\"container\">\n\t\t\t\t<div class=\"elementor-element elementor-element-82b5f14 elementor-widget elementor-widget-text-editor\" data-id=\"82b5f14\" data-element_type=\"widget\" data-widget_type=\"text-editor.default\">\n\t\t\t\t\t\t\t\t\t<p style=\"text-align: center;\">Tapes<\/p>\t\t\t\t\t\t\t\t<\/div>\n\t\t\t\t<\/div>\n\t\t<div class=\"elementor-element elementor-element-85c4d1c e-con-full e-flex e-con e-child\" data-id=\"85c4d1c\" data-element_type=\"container\">\n\t\t\t\t<div class=\"elementor-element elementor-element-55fe86a elementor-widget elementor-widget-text-editor\" data-id=\"55fe86a\" data-element_type=\"widget\" data-widget_type=\"text-editor.default\">\n\t\t\t\t\t\t\t\t\t<p style=\"text-align: center;\">Ideal Parejas<\/p>\t\t\t\t\t\t\t\t<\/div>\n\t\t\t\t<\/div>\n\t\t<div class=\"elementor-element elementor-element-d733ba0 e-con-full e-flex e-con e-child\" data-id=\"d733ba0\" data-element_type=\"container\">\n\t\t\t\t<div class=\"elementor-element elementor-element-be6dd47 elementor-widget elementor-widget-text-editor\" data-id=\"be6dd47\" data-element_type=\"widget\" data-widget_type=\"text-editor.default\">\n\t\t\t\t\t\t\t\t\t<p style=\"text-align: center;\">Terrassa<\/p>\t\t\t\t\t\t\t\t<\/div>\n\t\t\t\t<\/div>\n\t\t\t\t<\/div>\n\t\t\t\t<\/div>\n\t\t\t\t<\/div>\n\t\t\t\t<div class=\"elementor-element elementor-element-a2152a7 elementor-widget elementor-widget-heading\" data-id=\"a2152a7\" data-element_type=\"widget\" data-widget_type=\"heading.default\">\n\t\t\t\t\t<h2 class=\"elementor-heading-title elementor-size-default\">3 - Il Colosseo Trattoria Italiana<\/h2>\t\t\t\t<\/div>\n\t\t<div class=\"elementor-element elementor-element-d6a477f e-con-full e-flex e-con e-child\" data-id=\"d6a477f\" data-element_type=\"container\">\n\t\t<div class=\"elementor-element elementor-element-fa35f50 e-flex e-con-boxed e-con e-child\" data-id=\"fa35f50\" data-element_type=\"container\">\n\t\t\t\t\t<div class=\"e-con-inner\">\n\t\t\t\t<div class=\"elementor-element elementor-element-64bfa09 elementor-widget elementor-widget-listings_slider\" data-id=\"64bfa09\" data-element_type=\"widget\" data-widget_type=\"listings_slider.default\">\n\t\t\t\t<div class=\"elementor-widget-container\">\n\t\t\t\t\t        <!-- carousel -->\r\n        <div class=\"listing-slider-wrap fl-wrap\">\r\n            \r\n                        \r\n            <div class=\"listing-slider fl-wrap listing-slider-editor-col-1\">\r\n                <div class=\"swiper-container\" data-options='{\"simulateTouch\":false,\"slidesPerView\":1,\"breakpoints\":{\"850\":{\"slidesPerView\":1},\"1270\":{\"slidesPerView\":1},\"1650\":{\"slidesPerView\":1},\"2560\":{\"slidesPerView\":1}},\"centeredSlides\":true}' >\r\n                    <div class=\"swiper-wrapper\">\r\n\r\n                                                    <!--  swiper-slide  -->\r\n<div class=\"swiper-slide\">\r\n    <div class=\"listing-slider-item fl-wrap\">\r\n        <!-- listing-item  -->\r\n        <div class=\"listing-item listing_carditem\">\r\n            <article class=\"geodir-category-listing fl-wrap\">\r\n                <div class=\"geodir-category-img\">\r\n                    \r\n                        \r\n                    <a href=\"https:\/\/mataroactiva.net\/cat\/negocio\/il-colosseo-trattoria-italiana\/\" class=\"listing-thumb-link geodir-category-img-wrap fl-wrap\">\r\n                        \r\n                        <img width=\"424\" height=\"280\" class=\"respimg swiper-lazy\" alt=\"\" data-src=\"https:\/\/mataroactiva.net\/wp-content\/uploads\/2024\/05\/2018-11-16-424x280.jpg\" \/>                    <\/a>\r\n                    \r\n                     \r\n                    \r\n                                        \r\n                     \r\n                    <div class=\"geodir-category-opt dis-flex flw-wrap\">\r\n                        <div class=\"geodir-category-opt_title\">\r\n                            <h4>\r\n                                                                <a href=\"https:\/\/mataroactiva.net\/cat\/negocio\/il-colosseo-trattoria-italiana\/\">Il Colosseo Trattoria Italiana<\/a>\r\n                                                            <\/h4>\r\n                                                    <div class=\"geodir-category-location\"><a href=\"https:\/\/www.google.com\/maps\/search\/?api=1&amp;query=41.54572,2.436534\" target=\"_blank\" rel=\"noopener\"><i class=\"fas fa-map-marker-alt\"><\/i>Esteve Albert ,77, 08304 Matar\u00f3<\/a><\/div>\r\n                                                <\/div>\r\n                        \r\n\r\n                          \r\n\r\n                        <div class=\"listing_carditem_footer fl-wrap dis-flex\">\r\n                                                                                        <div class=\"listing-cats-wrap dis-flex\">\r\n                                    <a href=\"https:\/\/mataroactiva.net\/cat\/categoria_de_negocio\/italiana\/\" class=\"listing-item-category-wrap flex-items-center\"><div class=\"listing-item-category cus-008d44\"><i class=\"fas fa-pizza-slice\"><\/i><\/div><span>Italiana<\/span><\/a>                                 <\/div>\r\n                                                                                    <div class=\"price-level geodir-category_price flex-items-center\">\r\n                                <span class=\"price-level-item\" data-pricerating=\"2\"><\/span>\r\n                                <span class=\"price-name-tooltip\">Moderate<\/span>\r\n                            <\/div>\r\n                             \r\n                             \r\n                                                                                <\/div>\r\n                    <\/div>\r\n                <\/div>\r\n            <\/article>\r\n        <\/div>\r\n        <!-- listing-item end -->\r\n    <\/div>\r\n<\/div>\r\n<!--  swiper-slide end  -->\r\n                         \r\n                                                             \r\n                    <\/div>\r\n                <\/div>\r\n                <div class=\"listing-carousel-button listing-carousel-button-next2\"><i class=\"fas fa-caret-right\"><\/i><\/div>\r\n                <div class=\"listing-carousel-button listing-carousel-button-prev2\"><i class=\"fas fa-caret-left\"><\/i><\/div>\r\n            <\/div>\r\n            <div class=\"tc-pagination_wrap\">\r\n                <div class=\"tc-pagination2\"><\/div>\r\n            <\/div>\r\n            \r\n\r\n        <\/div>\r\n        <!--  carousel end-->\r\n        \t\t\t\t<\/div>\n\t\t\t\t<\/div>\n\t\t\t\t\t<\/div>\n\t\t\t\t<\/div>\n\t\t<div class=\"elementor-element elementor-element-04d2cb3 e-con-full e-flex e-con e-child\" data-id=\"04d2cb3\" data-element_type=\"container\">\n\t\t<div class=\"elementor-element elementor-element-8330c3c e-con-full e-flex e-con e-child\" data-id=\"8330c3c\" data-element_type=\"container\">\n\t\t\t\t<div class=\"elementor-element elementor-element-82f4d20 elementor-widget__width-inherit elementor-widget elementor-widget-text-editor\" data-id=\"82f4d20\" data-element_type=\"widget\" data-widget_type=\"text-editor.default\">\n\t\t\t\t\t\t\t\t\t<p>Como amantes de la cocina italiana, Il Colosseo en C\/Esteve Albert, 77, fue todo un hallazgo. Por fuera no dir\u00edas que es el mejor italiano de Matar\u00f3&#8230; pero lo es.<\/p><p>Sus pizzas aut\u00e9nticas y pastas al dente nos transportaron directamente a Italia.<br \/><br \/>Para repetir sin dudarlo, cualquier excusa ser\u00e1 buena para volver.<\/p>\t\t\t\t\t\t\t\t<\/div>\n\t\t\t\t<\/div>\n\t\t<div class=\"elementor-element elementor-element-dc01c9b e-con-full e-flex e-con e-child\" data-id=\"dc01c9b\" data-element_type=\"container\">\n\t\t<div class=\"elementor-element elementor-element-f2f1335 e-con-full e-flex e-con e-child\" data-id=\"f2f1335\" data-element_type=\"container\">\n\t\t\t\t<div class=\"elementor-element elementor-element-a93ebd0 elementor-widget elementor-widget-text-editor\" data-id=\"a93ebd0\" data-element_type=\"widget\" data-widget_type=\"text-editor.default\">\n\t\t\t\t\t\t\t\t\t<p style=\"text-align: center;\">Trattoria<\/p>\t\t\t\t\t\t\t\t<\/div>\n\t\t\t\t<\/div>\n\t\t<div class=\"elementor-element elementor-element-811a05b e-con-full e-flex e-con e-child\" data-id=\"811a05b\" data-element_type=\"container\">\n\t\t\t\t<div class=\"elementor-element elementor-element-7032b8b elementor-widget elementor-widget-text-editor\" data-id=\"7032b8b\" data-element_type=\"widget\" data-widget_type=\"text-editor.default\">\n\t\t\t\t\t\t\t\t\t<p style=\"text-align: center;\">Pizzas TOP<\/p>\t\t\t\t\t\t\t\t<\/div>\n\t\t\t\t<\/div>\n\t\t<div class=\"elementor-element elementor-element-0a2a43f e-con-full e-flex e-con e-child\" data-id=\"0a2a43f\" data-element_type=\"container\">\n\t\t\t\t<div class=\"elementor-element elementor-element-58f94e4 elementor-widget elementor-widget-text-editor\" data-id=\"58f94e4\" data-element_type=\"widget\" data-widget_type=\"text-editor.default\">\n\t\t\t\t\t\t\t\t\t<p style=\"text-align: center;\">Take Away<\/p>\t\t\t\t\t\t\t\t<\/div>\n\t\t\t\t<\/div>\n\t\t\t\t<\/div>\n\t\t\t\t<\/div>\n\t\t\t\t<\/div>\n\t\t\t\t<div class=\"elementor-element elementor-element-fbb1411 elementor-widget elementor-widget-heading\" data-id=\"fbb1411\" data-element_type=\"widget\" data-widget_type=\"heading.default\">\n\t\t\t\t\t<h2 class=\"elementor-heading-title elementor-size-default\">4 - Sangiovese<\/h2>\t\t\t\t<\/div>\n\t\t<div class=\"elementor-element elementor-element-2cb07b3 e-con-full e-flex e-con e-child\" data-id=\"2cb07b3\" data-element_type=\"container\">\n\t\t<div class=\"elementor-element elementor-element-dffb07d e-flex e-con-boxed e-con e-child\" data-id=\"dffb07d\" data-element_type=\"container\">\n\t\t\t\t\t<div class=\"e-con-inner\">\n\t\t\t\t<div class=\"elementor-element elementor-element-9f9792d elementor-widget elementor-widget-listings_slider\" data-id=\"9f9792d\" data-element_type=\"widget\" data-widget_type=\"listings_slider.default\">\n\t\t\t\t<div class=\"elementor-widget-container\">\n\t\t\t\t\t        <!-- carousel -->\r\n        <div class=\"listing-slider-wrap fl-wrap\">\r\n            \r\n                        \r\n            <div class=\"listing-slider fl-wrap listing-slider-editor-col-1\">\r\n                <div class=\"swiper-container\" data-options='{\"simulateTouch\":false,\"slidesPerView\":1,\"breakpoints\":{\"850\":{\"slidesPerView\":1},\"1270\":{\"slidesPerView\":1},\"1650\":{\"slidesPerView\":1},\"2560\":{\"slidesPerView\":1}},\"centeredSlides\":true}' >\r\n                    <div class=\"swiper-wrapper\">\r\n\r\n                                                    <!--  swiper-slide  -->\r\n<div class=\"swiper-slide\">\r\n    <div class=\"listing-slider-item fl-wrap\">\r\n        <!-- listing-item  -->\r\n        <div class=\"listing-item listing_carditem\">\r\n            <article class=\"geodir-category-listing fl-wrap\">\r\n                <div class=\"geodir-category-img\">\r\n                    \r\n                        \r\n                    <a href=\"https:\/\/mataroactiva.net\/cat\/negocio\/sangiovese\/\" class=\"listing-thumb-link geodir-category-img-wrap fl-wrap\">\r\n                        \r\n                        <img width=\"424\" height=\"280\" class=\"respimg swiper-lazy\" alt=\"\" data-src=\"https:\/\/mataroactiva.net\/wp-content\/uploads\/2024\/05\/IMG_20230822_135734-424x280.jpg\" \/>                    <\/a>\r\n                    \r\n                     \r\n                    \r\n                                        \r\n                     \r\n                    <div class=\"geodir-category-opt dis-flex flw-wrap\">\r\n                        <div class=\"geodir-category-opt_title\">\r\n                            <h4>\r\n                                                                <a href=\"https:\/\/mataroactiva.net\/cat\/negocio\/sangiovese\/\">Sangiovese<\/a>\r\n                                                            <\/h4>\r\n                                                    <div class=\"geodir-category-location\"><a href=\"https:\/\/www.google.com\/maps\/search\/?api=1&amp;query=41.538467,2.444344\" target=\"_blank\" rel=\"noopener\"><i class=\"fas fa-map-marker-alt\"><\/i>Muralla de Sant Lloren\u00e7, 32, 08302 Matar\u00f3<\/a><\/div>\r\n                                                <\/div>\r\n                        \r\n\r\n                          \r\n\r\n                        <div class=\"listing_carditem_footer fl-wrap dis-flex\">\r\n                                                                                        <div class=\"listing-cats-wrap dis-flex\">\r\n                                    <a href=\"https:\/\/mataroactiva.net\/cat\/categoria_de_negocio\/mediterranea\/\" class=\"listing-item-category-wrap flex-items-center\"><div class=\"listing-item-category cus-a91417\"><i class=\"fad fa-cauldron\"><\/i><\/div><span>Mediterr\u00e0nia<\/span><\/a>                                 <\/div>\r\n                                                                                    <div class=\"price-level geodir-category_price flex-items-center\">\r\n                                <span class=\"price-level-item\" data-pricerating=\"4\"><\/span>\r\n                                <span class=\"price-name-tooltip\">Ultra High<\/span>\r\n                            <\/div>\r\n                             \r\n                             \r\n                                                                                <\/div>\r\n                    <\/div>\r\n                <\/div>\r\n            <\/article>\r\n        <\/div>\r\n        <!-- listing-item end -->\r\n    <\/div>\r\n<\/div>\r\n<!--  swiper-slide end  -->\r\n                         \r\n                                                             \r\n                    <\/div>\r\n                <\/div>\r\n                <div class=\"listing-carousel-button listing-carousel-button-next2\"><i class=\"fas fa-caret-right\"><\/i><\/div>\r\n                <div class=\"listing-carousel-button listing-carousel-button-prev2\"><i class=\"fas fa-caret-left\"><\/i><\/div>\r\n            <\/div>\r\n            <div class=\"tc-pagination_wrap\">\r\n                <div class=\"tc-pagination2\"><\/div>\r\n            <\/div>\r\n            \r\n\r\n        <\/div>\r\n        <!--  carousel end-->\r\n        \t\t\t\t<\/div>\n\t\t\t\t<\/div>\n\t\t\t\t\t<\/div>\n\t\t\t\t<\/div>\n\t\t<div class=\"elementor-element elementor-element-a2ec35c e-con-full e-flex e-con e-child\" data-id=\"a2ec35c\" data-element_type=\"container\">\n\t\t<div class=\"elementor-element elementor-element-261b4a3 e-con-full e-flex e-con e-child\" data-id=\"261b4a3\" data-element_type=\"container\">\n\t\t\t\t<div class=\"elementor-element elementor-element-6dc047d elementor-widget__width-inherit elementor-widget elementor-widget-text-editor\" data-id=\"6dc047d\" data-element_type=\"widget\" data-widget_type=\"text-editor.default\">\n\t\t\t\t\t\t\t\t\t<p>Situado en el Carrer de Sant Josep, 44, Sangiovese ofrece una experiencia gastron\u00f3mica refinada.<\/p><p>Sus platos mediterr\u00e1neos y europeos, presentados con elegancia, deleitaron nuestros paladares.<\/p><p>El entorno sofisticado y el servicio impecable hicieron de esta visita una ocasi\u00f3n especial.<\/p>\t\t\t\t\t\t\t\t<\/div>\n\t\t\t\t<\/div>\n\t\t<div class=\"elementor-element elementor-element-80ed2d9 e-con-full e-flex e-con e-child\" data-id=\"80ed2d9\" data-element_type=\"container\">\n\t\t<div class=\"elementor-element elementor-element-f0213a3 e-con-full e-flex e-con e-child\" data-id=\"f0213a3\" data-element_type=\"container\">\n\t\t\t\t<div class=\"elementor-element elementor-element-4362566 elementor-widget elementor-widget-text-editor\" data-id=\"4362566\" data-element_type=\"widget\" data-widget_type=\"text-editor.default\">\n\t\t\t\t\t\t\t\t\t<p style=\"text-align: center;\">Ideal Parejas<\/p>\t\t\t\t\t\t\t\t<\/div>\n\t\t\t\t<\/div>\n\t\t<div class=\"elementor-element elementor-element-0f225b7 e-con-full e-flex e-con e-child\" data-id=\"0f225b7\" data-element_type=\"container\">\n\t\t\t\t<div class=\"elementor-element elementor-element-6f70f84 elementor-widget elementor-widget-text-editor\" data-id=\"6f70f84\" data-element_type=\"widget\" data-widget_type=\"text-editor.default\">\n\t\t\t\t\t\t\t\t\t<p style=\"text-align: center;\">Cocina Autor<\/p>\t\t\t\t\t\t\t\t<\/div>\n\t\t\t\t<\/div>\n\t\t<div class=\"elementor-element elementor-element-1384f2e e-con-full e-flex e-con e-child\" data-id=\"1384f2e\" data-element_type=\"container\">\n\t\t\t\t<div class=\"elementor-element elementor-element-930f6fd elementor-widget elementor-widget-text-editor\" data-id=\"930f6fd\" data-element_type=\"widget\" data-widget_type=\"text-editor.default\">\n\t\t\t\t\t\t\t\t\t<p style=\"text-align: center;\">High Class<\/p>\t\t\t\t\t\t\t\t<\/div>\n\t\t\t\t<\/div>\n\t\t\t\t<\/div>\n\t\t\t\t<\/div>\n\t\t\t\t<\/div>\n\t\t\t\t<div class=\"elementor-element elementor-element-ac1cadb elementor-widget elementor-widget-heading\" data-id=\"ac1cadb\" data-element_type=\"widget\" data-widget_type=\"heading.default\">\n\t\t\t\t\t<h2 class=\"elementor-heading-title elementor-size-default\">5 - S\u00e8sam Negre<\/h2>\t\t\t\t<\/div>\n\t\t<div class=\"elementor-element elementor-element-0a6a4bd e-con-full e-flex e-con e-child\" data-id=\"0a6a4bd\" data-element_type=\"container\">\n\t\t<div class=\"elementor-element elementor-element-c41701a e-flex e-con-boxed e-con e-child\" data-id=\"c41701a\" data-element_type=\"container\">\n\t\t\t\t\t<div class=\"e-con-inner\">\n\t\t\t\t<div class=\"elementor-element elementor-element-5835a92 elementor-widget elementor-widget-listings_slider\" data-id=\"5835a92\" data-element_type=\"widget\" data-widget_type=\"listings_slider.default\">\n\t\t\t\t<div class=\"elementor-widget-container\">\n\t\t\t\t\t        <!-- carousel -->\r\n        <div class=\"listing-slider-wrap fl-wrap\">\r\n            \r\n                        \r\n            <div class=\"listing-slider fl-wrap listing-slider-editor-col-1\">\r\n                <div class=\"swiper-container\" data-options='{\"simulateTouch\":false,\"slidesPerView\":1,\"breakpoints\":{\"850\":{\"slidesPerView\":1},\"1270\":{\"slidesPerView\":1},\"1650\":{\"slidesPerView\":1},\"2560\":{\"slidesPerView\":1}},\"centeredSlides\":true}' >\r\n                    <div class=\"swiper-wrapper\">\r\n\r\n                                                    <!--  swiper-slide  -->\r\n<div class=\"swiper-slide\">\r\n    <div class=\"listing-slider-item fl-wrap\">\r\n        <!-- listing-item  -->\r\n        <div class=\"listing-item listing_carditem\">\r\n            <article class=\"geodir-category-listing fl-wrap\">\r\n                <div class=\"geodir-category-img\">\r\n                    \r\n                        \r\n                    <a href=\"https:\/\/mataroactiva.net\/cat\/negocio\/sesam-negre-mataro\/\" class=\"listing-thumb-link geodir-category-img-wrap fl-wrap\">\r\n                        \r\n                        <img width=\"424\" height=\"280\" class=\"respimg swiper-lazy\" alt=\"\" data-src=\"https:\/\/mataroactiva.net\/wp-content\/uploads\/2024\/04\/1-424x280.jpg\" \/>                    <\/a>\r\n                    \r\n                     \r\n                    \r\n                                        \r\n                     \r\n                    <div class=\"geodir-category-opt dis-flex flw-wrap\">\r\n                        <div class=\"geodir-category-opt_title\">\r\n                            <h4>\r\n                                                                <a href=\"https:\/\/mataroactiva.net\/cat\/negocio\/sesam-negre-mataro\/\">S\u00e8sam Negre Matar\u00f3<\/a>\r\n                                                            <\/h4>\r\n                                                    <div class=\"geodir-category-location\"><a href=\"https:\/\/www.google.com\/maps\/search\/?api=1&amp;query=41.536816,2.4436553\" target=\"_blank\" rel=\"noopener\"><i class=\"fas fa-map-marker-alt\"><\/i>Carrer la Rambla, 40, 08302 Matar\u00f3<\/a><\/div>\r\n                                                <\/div>\r\n                        \r\n\r\n                          \r\n\r\n                        <div class=\"listing_carditem_footer fl-wrap dis-flex\">\r\n                                                                                        <div class=\"listing-cats-wrap dis-flex\">\r\n                                    <a href=\"https:\/\/mataroactiva.net\/cat\/categoria_de_negocio\/asiatica\/\" class=\"listing-item-category-wrap flex-items-center\"><div class=\"listing-item-category cus-e71b24\"><i class=\"fas fa-soup\"><\/i><\/div><span>Asi\u00e0tica<\/span><\/a>                                 <\/div>\r\n                                                                                    <div class=\"price-level geodir-category_price flex-items-center\">\r\n                                <span class=\"price-level-item\" data-pricerating=\"2\"><\/span>\r\n                                <span class=\"price-name-tooltip\">Moderate<\/span>\r\n                            <\/div>\r\n                             \r\n                             \r\n                                                                                <\/div>\r\n                    <\/div>\r\n                <\/div>\r\n            <\/article>\r\n        <\/div>\r\n        <!-- listing-item end -->\r\n    <\/div>\r\n<\/div>\r\n<!--  swiper-slide end  -->\r\n                         \r\n                                                             \r\n                    <\/div>\r\n                <\/div>\r\n                <div class=\"listing-carousel-button listing-carousel-button-next2\"><i class=\"fas fa-caret-right\"><\/i><\/div>\r\n                <div class=\"listing-carousel-button listing-carousel-button-prev2\"><i class=\"fas fa-caret-left\"><\/i><\/div>\r\n            <\/div>\r\n            <div class=\"tc-pagination_wrap\">\r\n                <div class=\"tc-pagination2\"><\/div>\r\n            <\/div>\r\n            \r\n\r\n        <\/div>\r\n        <!--  carousel end-->\r\n        \t\t\t\t<\/div>\n\t\t\t\t<\/div>\n\t\t\t\t\t<\/div>\n\t\t\t\t<\/div>\n\t\t<div class=\"elementor-element elementor-element-d986668 e-con-full e-flex e-con e-child\" data-id=\"d986668\" data-element_type=\"container\">\n\t\t<div class=\"elementor-element elementor-element-686ed5d e-con-full e-flex e-con e-child\" data-id=\"686ed5d\" data-element_type=\"container\">\n\t\t\t\t<div class=\"elementor-element elementor-element-ad73c63 elementor-widget__width-inherit elementor-widget elementor-widget-text-editor\" data-id=\"ad73c63\" data-element_type=\"widget\" data-widget_type=\"text-editor.default\">\n\t\t\t\t\t\t\t\t\t<p>En C\/ de La Rambla, 40, descubr\u00edmos S\u00e8sam Negre, un rinc\u00f3n japon\u00e9s en el coraz\u00f3n de Matar\u00f3.<\/p><p>La frescura del sushi y la autenticidad de los platos nos impresionaron profundamente, superando nuestras expectativas.<\/p><p>El ambiente sereno y el personal conocedor contribuyeron a una velada excepcional.<\/p>\t\t\t\t\t\t\t\t<\/div>\n\t\t\t\t<\/div>\n\t\t<div class=\"elementor-element elementor-element-661aed4 e-con-full e-flex e-con e-child\" data-id=\"661aed4\" data-element_type=\"container\">\n\t\t<div class=\"elementor-element elementor-element-f675d67 e-con-full e-flex e-con e-child\" data-id=\"f675d67\" data-element_type=\"container\">\n\t\t\t\t<div class=\"elementor-element elementor-element-fe3a40d elementor-widget elementor-widget-text-editor\" data-id=\"fe3a40d\" data-element_type=\"widget\" data-widget_type=\"text-editor.default\">\n\t\t\t\t\t\t\t\t\t<p style=\"text-align: center;\">Calidad-Precio<\/p>\t\t\t\t\t\t\t\t<\/div>\n\t\t\t\t<\/div>\n\t\t<div class=\"elementor-element elementor-element-2130de5 e-con-full e-flex e-con e-child\" data-id=\"2130de5\" data-element_type=\"container\">\n\t\t\t\t<div class=\"elementor-element elementor-element-54d5551 elementor-widget elementor-widget-text-editor\" data-id=\"54d5551\" data-element_type=\"widget\" data-widget_type=\"text-editor.default\">\n\t\t\t\t\t\t\t\t\t<p style=\"text-align: center;\">Carta Amplia\u00a0<\/p>\t\t\t\t\t\t\t\t<\/div>\n\t\t\t\t<\/div>\n\t\t<div class=\"elementor-element elementor-element-dc385b5 e-con-full e-flex e-con e-child\" data-id=\"dc385b5\" data-element_type=\"container\">\n\t\t\t\t<div class=\"elementor-element elementor-element-f8144ee elementor-widget elementor-widget-text-editor\" data-id=\"f8144ee\" data-element_type=\"widget\" data-widget_type=\"text-editor.default\">\n\t\t\t\t\t\t\t\t\t<p style=\"text-align: center;\">Ideal Parejas<\/p>\t\t\t\t\t\t\t\t<\/div>\n\t\t\t\t<\/div>\n\t\t\t\t<\/div>\n\t\t\t\t<\/div>\n\t\t\t\t<\/div>\n\t\t\t\t\t<\/div>\n\t\t\t\t<\/div>\n\t\t<div class=\"elementor-element elementor-element-257bb83 e-flex e-con-boxed e-con e-parent\" data-id=\"257bb83\" data-element_type=\"container\">\n\t\t\t\t\t<div class=\"e-con-inner\">\n\t\t\t\t<div class=\"elementor-element elementor-element-bd12738 elementor-widget elementor-widget-text-editor\" data-id=\"bd12738\" data-element_type=\"widget\" data-widget_type=\"text-editor.default\">\n\t\t\t\t\t\t\t\t\t<p>Este ha sido nuestro <strong>Top 5 de restaurantes en Matar\u00f3<\/strong>, una selecci\u00f3n basada en experiencias personales y en la riqueza culinaria que ofrece nuestra ciudad.<\/p><p>Es importante destacar que este listado no es definitivo; a medida que continuemos explorando y descubriendo nuevos establecimientos, es probable que nuestras recomendaciones evolucionen. La escena gastron\u00f3mica de Matar\u00f3 est\u00e1 en constante cambio, y siempre hay lugares emergentes que merecen ser reconocidos.<\/p><p>Te animamos a que compartas tus propias experiencias y sugerencias, para que juntos podamos seguir disfrutando de lo mejor que nuestra ciudad tiene para ofrecer.<\/p>\t\t\t\t\t\t\t\t<\/div>\n\t\t\t\t\t<\/div>\n\t\t\t\t<\/div>\n\t\t\t\t<\/div>","protected":false},"excerpt":{"rendered":"<p>A continuaci\u00f3n, te presentamos una selecci\u00f3n de los mejores restaurantes de la ciudad (seg\u00fan nuestra humilde opini\u00f3n). Cada uno de ellos cuenta con una propuesta culinaria \u00fanica que merece ser explorada, disfrutada y por supuesto, compartida. Pese a ser un TOP no vamos a ordenarlos de menor a mayor ni nada por el estilo. Todos &hellip; <\/p>","protected":false},"author":23,"featured_media":16175,"comment_status":"open","ping_status":"open","sticky":false,"template":"","format":"standard","meta":{"footnotes":""},"categories":[1362],"tags":[1364,1363],"class_list":["post-16141","post","type-post","status-publish","format-standard","has-post-thumbnail","hentry","category-servicios","tag-empleo","tag-vivienda"],"_links":{"self":[{"href":"https:\/\/mataroactiva.net\/cat\/wp-json\/wp\/v2\/posts\/16141","targetHints":{"allow":["GET"]}}],"collection":[{"href":"https:\/\/mataroactiva.net\/cat\/wp-json\/wp\/v2\/posts"}],"about":[{"href":"https:\/\/mataroactiva.net\/cat\/wp-json\/wp\/v2\/types\/post"}],"author":[{"embeddable":true,"href":"https:\/\/mataroactiva.net\/cat\/wp-json\/wp\/v2\/users\/23"}],"replies":[{"embeddable":true,"href":"https:\/\/mataroactiva.net\/cat\/wp-json\/wp\/v2\/comments?post=16141"}],"version-history":[{"count":54,"href":"https:\/\/mataroactiva.net\/cat\/wp-json\/wp\/v2\/posts\/16141\/revisions"}],"predecessor-version":[{"id":16240,"href":"https:\/\/mataroactiva.net\/cat\/wp-json\/wp\/v2\/posts\/16141\/revisions\/16240"}],"wp:featuredmedia":[{"embeddable":true,"href":"https:\/\/mataroactiva.net\/cat\/wp-json\/wp\/v2\/media\/16175"}],"wp:attachment":[{"href":"https:\/\/mataroactiva.net\/cat\/wp-json\/wp\/v2\/media?parent=16141"}],"wp:term":[{"taxonomy":"category","embeddable":true,"href":"https:\/\/mataroactiva.net\/cat\/wp-json\/wp\/v2\/categories?post=16141"},{"taxonomy":"post_tag","embeddable":true,"href":"https:\/\/mataroactiva.net\/cat\/wp-json\/wp\/v2\/tags?post=16141"}],"curies":[{"name":"wp","href":"https:\/\/api.w.org\/{rel}","templated":true}]}}