{"id":13791,"date":"2024-11-13T14:11:15","date_gmt":"2024-11-13T13:11:15","guid":{"rendered":"https:\/?p=13791"},"modified":"2025-04-11T22:55:14","modified_gmt":"2025-04-11T20:55:14","slug":"llega-la-zona-de-bajas-emisiones-de-mataro-como-te-afecta","status":"publish","type":"post","link":"https:\/\/mataroactiva.net\/cat\/llega-la-zona-de-bajas-emisiones-de-mataro-como-te-afecta\/","title":{"rendered":"Arriba La Zona de Baixes Emissions de Matar\u00f3: Com t'afecta?"},"content":{"rendered":"<div data-elementor-type=\"wp-post\" data-elementor-id=\"13791\" class=\"elementor elementor-13791\" data-elementor-post-type=\"post\">\n\t\t\t\t<div class=\"elementor-element elementor-element-3e5e3e6 e-flex e-con-boxed e-con e-parent\" data-id=\"3e5e3e6\" data-element_type=\"container\">\n\t\t\t\t\t<div class=\"e-con-inner\">\n\t\t\t\t<div class=\"elementor-element elementor-element-5d229e8 elementor-widget elementor-widget-text-editor\" data-id=\"5d229e8\" data-element_type=\"widget\" data-widget_type=\"text-editor.default\">\n\t\t\t\t\t\t\t\t\t<p>Matar\u00f3, ciutat amb m\u00e9s de 50.000 habitants, hav\u00eda d'adoptar la normativa de la Zona de Baixes Emissions (ZBE) al 2023. No obstant, la seva implementaci\u00f3 es va posposar fins a 2025, i 2025 est\u00e0 molt a la vora. Quina \u00e9s la situaci\u00f3 actual?<\/p><p>Actualment, la ciutat es troba a la fase final de preparaci\u00f3, ajustant la infraestructura necess\u00e0ria per a la implementaci\u00f3 efectiva de la ZBE, fet que marcar\u00e0 un canvi important en la mobilitat i les normatives per als vehicles en el municipi.<\/p>\t\t\t\t\t\t\t\t<\/div>\n\t\t\t\t<div class=\"elementor-element elementor-element-0f1116c elementor-widget elementor-widget-shortcode\" data-id=\"0f1116c\" data-element_type=\"widget\" data-widget_type=\"shortcode.default\">\n\t\t\t\t\t\t\t<div class=\"elementor-shortcode\"><div id=\"matar-4136056812\"><script async src=\"\/\/pagead2.googlesyndication.com\/pagead\/js\/adsbygoogle.js?client=ca-pub-6214683436883880\" crossorigin=\"anonymous\"><\/script><ins class=\"adsbygoogle\" style=\"display:block; text-align:center;\" data-ad-client=\"ca-pub-6214683436883880\" \ndata-ad-slot=\"1722899331\" \ndata-ad-layout=\"in-article\"\ndata-ad-format=\"fluid\"><\/ins>\n<script> \n(adsbygoogle = window.adsbygoogle || []).push({}); \n<\/script>\n<\/div><\/div>\n\t\t\t\t\t\t<\/div>\n\t\t\t\t<div class=\"elementor-element elementor-element-6400ea9 elementor-widget elementor-widget-heading\" data-id=\"6400ea9\" data-element_type=\"widget\" data-widget_type=\"heading.default\">\n\t\t\t\t\t<h2 class=\"elementor-heading-title elementor-size-default\">Per\u00f2... Qu\u00e8 \u00e9s una ZBE?<\/h2>\t\t\t\t<\/div>\n\t\t\t\t<div class=\"elementor-element elementor-element-9e6f74f elementor-widget elementor-widget-text-editor\" data-id=\"9e6f74f\" data-element_type=\"widget\" data-widget_type=\"text-editor.default\">\n\t\t\t\t\t\t\t\t\t<p>Les Zones de Baixes Emissions (ZBE) s\u00f3n \u00e0rees urbanes on es limiten les emissions contaminants de vehicles, amb l'objectiu de millorar la qualitat de l'aire i reduir la petjada de carboni.<\/p><p>Aquesta normativa, impulsada per la Uni\u00f3 Europea, estableix que les ciutats de m\u00e9s de 50.000 habitants han d'implementar aquestes zones per a complir amb els est\u00e0ndards de sostenibilitat i salut p\u00fablica.<\/p>\t\t\t\t\t\t\t\t<\/div>\n\t\t\t\t<div class=\"elementor-element elementor-element-f723526 elementor-widget elementor-widget-image\" data-id=\"f723526\" data-element_type=\"widget\" data-widget_type=\"image.default\">\n\t\t\t\t\t\t\t\t\t\t\t\t<figure class=\"wp-caption\">\n\t\t\t\t\t\t\t\t\t\t<img width=\"634\" height=\"634\" class=\"attachment-large size-large wp-image-14553 lazy\" alt=\"\" data-src=\"https:\/\/mataroactiva.net\/wp-content\/uploads\/2024\/11\/patinet-transit_1_634x634.jpeg\" data-lazy=\"https:\/\/mataroactiva.net\/wp-content\/uploads\/2024\/11\/patinet-transit_1_634x634.jpeg\" \/>\t\t\t\t\t\t\t\t\t\t\t<figcaption class=\"widget-image-caption wp-caption-text\"><\/figcaption>\n\t\t\t\t\t\t\t\t\t\t<\/figure>\n\t\t\t\t\t\t\t\t\t<\/div>\n\t\t\t\t<div class=\"elementor-element elementor-element-b076e5a elementor-widget elementor-widget-heading\" data-id=\"b076e5a\" data-element_type=\"widget\" data-widget_type=\"heading.default\">\n\t\t\t\t\t<h3 class=\"elementor-heading-title elementor-size-default\">Com t'afectaran les Zones de Baixes emissions de Matar\u00f3?<\/h3>\t\t\t\t<\/div>\n\t\t\t\t<div class=\"elementor-element elementor-element-38503f0 elementor-widget elementor-widget-text-editor\" data-id=\"38503f0\" data-element_type=\"widget\" data-widget_type=\"text-editor.default\">\n\t\t\t\t\t\t\t\t\t<p>La implementaci\u00f3 de la Zona de Baixes Emissions (ZBE) a Matar\u00f3 portar\u00e0 importants canvis en la mobilitat urbana, especialment en l'acc\u00e9s al casc antic de la ciutat. A partir de l'entrada en vigor de la ZBE, els vehicles que no comptin amb l'etiqueta mediambiental corresponent, \u00e9s a dir, aquells que no compleixen amb els est\u00e0ndards d'emissions, no podran accedir a aquesta \u00e0rea.<\/p><p>Aquesta mesura afectar\u00e0 principalment als vehicles m\u00e9s antics o aquells amb majors emissions contaminants. Els cotxes sense etiqueta mediambiental, com molts models di\u00e8sel i benzina de m\u00e9s de 20 anys, tindran restriccions per a ingressar al centre hist\u00f2ric de Matar\u00f3. Aix\u00f2 no nom\u00e8s busca reduir la contaminaci\u00f3 de l'aire, sin\u00f3 tamb\u00e9 millorar la qualitat de vida dels residents i augmentar la sostenibilitat de la ciutat.<\/p>\t\t\t\t\t\t\t\t<\/div>\n\t\t\t\t<div class=\"elementor-element elementor-element-7eb7f8f elementor-widget elementor-widget-shortcode\" data-id=\"7eb7f8f\" data-element_type=\"widget\" data-widget_type=\"shortcode.default\">\n\t\t\t\t\t\t\t<div class=\"elementor-shortcode\"><div id=\"matar-3966509850\"><script async src=\"\/\/pagead2.googlesyndication.com\/pagead\/js\/adsbygoogle.js?client=ca-pub-6214683436883880\" crossorigin=\"anonymous\"><\/script><ins class=\"adsbygoogle\" style=\"display:block; text-align:center;\" data-ad-client=\"ca-pub-6214683436883880\" \ndata-ad-slot=\"1722899331\" \ndata-ad-layout=\"in-article\"\ndata-ad-format=\"fluid\"><\/ins>\n<script> \n(adsbygoogle = window.adsbygoogle || []).push({}); \n<\/script>\n<\/div><\/div>\n\t\t\t\t\t\t<\/div>\n\t\t\t\t<div class=\"elementor-element elementor-element-7073ce7 elementor-widget elementor-widget-heading\" data-id=\"7073ce7\" data-element_type=\"widget\" data-widget_type=\"heading.default\">\n\t\t\t\t\t<h3 class=\"elementor-heading-title elementor-size-default\">Quines restriccions s'imposaran a aquests vehicles?<\/h3>\t\t\t\t<\/div>\n\t\t\t\t<div class=\"elementor-element elementor-element-8c9def5 elementor-widget elementor-widget-text-editor\" data-id=\"8c9def5\" data-element_type=\"widget\" data-widget_type=\"text-editor.default\">\n\t\t\t\t\t\t\t\t\t<p>Els vehicles sense etiqueta mediambiental no podran accedir a la zona de baixes emissions de Matar\u00f3 de dilluns a divendres, de 7 del mat\u00ed a 8 de la tarda. No obstant aix\u00f2, existeixen excepcions i morat\u00f2ries per a determinats casos espec\u00edfics:<\/p><ul><li>Persones amb rendes baixes podran sol\u00b7licitar una excepci\u00f3 temporal.<\/li><li>Persones a les quals els hi faltin 5 anys per a jubilar-se, sempre que el vehicle sigui essencial per a la seva activitat laboral, tamb\u00e9 podran beneficiar-se d'una morat\u00f2ria.<\/li><li>Els residents de la zona de baixes emissions de Matar\u00f3 comptaran amb permisos especials per a circular per l'\u00e0rea restringida, per\u00f2 encara queda per especificar si seran temporals o no.<\/li><li>A m\u00e9s a m\u00e9s, es donaran permisos a persones amb mobilitat redu\u00efda o en tractament m\u00e8dic, garantint el seu acc\u00e9s quan sigui necessari.<\/li><li>Serveis P\u00fablics i Vehicles d'Emerg\u00e8ncies.<\/li><\/ul><p>Aquestes excepcions busquen fer la transici\u00f3 m\u00e9s justa i accessible per a aquells que depenen del seu vehicle i compleixen amb uns certs requisits.<\/p>\t\t\t\t\t\t\t\t<\/div>\n\t\t\t\t<div class=\"elementor-element elementor-element-e399a55 elementor-widget elementor-widget-heading\" data-id=\"e399a55\" data-element_type=\"widget\" data-widget_type=\"heading.default\">\n\t\t\t\t\t<h3 class=\"elementor-heading-title elementor-size-default\">A quins accessos i zones afectar\u00e0?<\/h3>\t\t\t\t<\/div>\n\t\t\t\t<div class=\"elementor-element elementor-element-9528945 elementor-widget elementor-widget-image\" data-id=\"9528945\" data-element_type=\"widget\" data-widget_type=\"image.default\">\n\t\t\t\t\t\t\t\t\t\t\t\t\t\t\t<img width=\"724\" height=\"645\" class=\"attachment-large size-large wp-image-14552 lazy\" alt=\"\" data-src=\"https:\/\/mataroactiva.net\/wp-content\/uploads\/2024\/11\/Zonas-de-Acceso.jpg\" data-lazy=\"https:\/\/mataroactiva.net\/wp-content\/uploads\/2024\/11\/Zonas-de-Acceso.jpg\" \/>\t\t\t\t\t\t\t\t\t\t\t\t\t\t\t<\/div>\n\t\t\t\t<div class=\"elementor-element elementor-element-71dcce3 elementor-widget elementor-widget-text-editor\" data-id=\"71dcce3\" data-element_type=\"widget\" data-widget_type=\"text-editor.default\">\n\t\t\t\t\t\t\t\t\t<p>Els principals accessos afectats per la nova Zona de Baixes Emissions de Matar\u00f3 seran:<\/p><ul><li>C\/ Argentona (sentido La Riera)<\/li><li>Muralla del Tigre<\/li><li>Baixada de les Espenyes (Zona Can Xamar)<\/li><li>C\/ Sant Francesc d&#8217;As\u00eds<\/li><\/ul><p>En general, es mantindr\u00e0 la zona pr\u00e8viament subjecta a limitacions hor\u00e0ries, per\u00f2 amb la nova normativa, s'afegir\u00e0 la restricci\u00f3 a vehicles contaminants. <br \/><br \/>Aix\u00f2 implicar\u00e0 que molts pares i mares que necessiten accedir a la zona per a portar o recollir als seus fills de l'escola Cor de Mar\u00eda es veuran afectats per les noves restriccions. <br \/>A partir de la implementaci\u00f3n de la ZBE, estos desplazamientos deber\u00e1n ajustarse a los horarios permitidos o realizarse en veh\u00edculos que cumplan con los est\u00e1ndares ambientales, lo que supondr\u00e1 un cambio importante para muchas familias.<\/p>\t\t\t\t\t\t\t\t<\/div>\n\t\t\t\t<div class=\"elementor-element elementor-element-9338d3d elementor-widget elementor-widget-shortcode\" data-id=\"9338d3d\" data-element_type=\"widget\" data-widget_type=\"shortcode.default\">\n\t\t\t\t\t\t\t<div class=\"elementor-shortcode\"><div id=\"matar-3766270622\"><script async src=\"\/\/pagead2.googlesyndication.com\/pagead\/js\/adsbygoogle.js?client=ca-pub-6214683436883880\" crossorigin=\"anonymous\"><\/script><ins class=\"adsbygoogle\" style=\"display:block; text-align:center;\" data-ad-client=\"ca-pub-6214683436883880\" \ndata-ad-slot=\"1722899331\" \ndata-ad-layout=\"in-article\"\ndata-ad-format=\"fluid\"><\/ins>\n<script> \n(adsbygoogle = window.adsbygoogle || []).push({}); \n<\/script>\n<\/div><\/div>\n\t\t\t\t\t\t<\/div>\n\t\t\t\t<div class=\"elementor-element elementor-element-6336621 elementor-widget elementor-widget-heading\" data-id=\"6336621\" data-element_type=\"widget\" data-widget_type=\"heading.default\">\n\t\t\t\t\t<h3 class=\"elementor-heading-title elementor-size-default\">Ser\u00e0 llavors aquesta mesura efectiva?<\/h3>\t\t\t\t<\/div>\n\t\t\t\t<div class=\"elementor-element elementor-element-eed00b2 elementor-widget elementor-widget-text-editor\" data-id=\"eed00b2\" data-element_type=\"widget\" data-widget_type=\"text-editor.default\">\n\t\t\t\t\t\t\t\t\t<p>La implementaci\u00f3 de la Zona de Baixes Emissions a Matar\u00f3 t\u00e9 el potencial per ser una mesura efectiva per a reduir la contaminaci\u00f3 i millorar la qualitat de l'aire al centre urb\u00e0, beneficiant a la salut p\u00fablica i al medi ambient. No obstant aix\u00f2, per a que aquesta iniciativa sigui veritablement efectiva i sostenible a llarg termini, ser\u00e0 essencial millorar i ampliar el transport p\u00fablic a la ciutat.<\/p><p>Un sistema de transport p\u00fablic m\u00e9s accessible i eficient permetria que els ciutadans tinguin alternatives reals i pr\u00e0ctiques al vehicle privat, especialment en les zones on la ZBE imposa restriccions. A m\u00e9s a m\u00e9s, aquestes millores contribuirien a la flu\u00efdesa de la mobilitat urbana, reduint les emissions globals a la ciutat i donant suport als objectius de sostenibilitat de Matar\u00f3.<\/p><p>Amb una combinaci\u00f3 adequada de restriccions i alternatives de transport, la ZBE podria complir amb els seus objectius i marcar una difer\u00e8ncia significativa en la qualitat de vida dels habitants de Matar\u00f3.<\/p>\t\t\t\t\t\t\t\t<\/div>\n\t\t\t\t<div class=\"elementor-element elementor-element-2714109 elementor-widget elementor-widget-text-editor\" data-id=\"2714109\" data-element_type=\"widget\" data-widget_type=\"text-editor.default\">\n\t\t\t\t\t\t\t\t\t<p>Foto 1 : <a href=\"https:\/\/www.capgros.com\" rel=\"noopener\">Capgr\u00f2s<\/a><\/p>\t\t\t\t\t\t\t\t<\/div>\n\t\t\t\t<div class=\"elementor-element elementor-element-e16997c elementor-widget elementor-widget-text-editor\" data-id=\"e16997c\" data-element_type=\"widget\" data-widget_type=\"text-editor.default\">\n\t\t\t\t\t\t\t\t\t<p>Foto 2 : <a href=\"https:\/\/www.mataro.cat\/\" rel=\"noopener\">Ajuntament de Matar\u00f3<\/a><\/p>\t\t\t\t\t\t\t\t<\/div>\n\t\t\t\t\t<\/div>\n\t\t\t\t<\/div>\n\t\t\t\t<\/div>","protected":false},"excerpt":{"rendered":"<p>Matar\u00f3, ciudad con m\u00e1s de 50.000 habitantes, debi\u00f3 adoptar la normativa de la Zona de Bajas Emisiones (ZBE) desde 2023. Sin embargo, su implementaci\u00f3n se pospuso hasta 2025, y 2025 est\u00e1 a la vuelta de la esquina. \u00bfCu\u00e1l es la situaci\u00f3n actual? Actualmente, la ciudad se encuentra en la fase final de preparaci\u00f3n, ajustando la &hellip; <\/p>","protected":false},"author":23,"featured_media":14554,"comment_status":"open","ping_status":"open","sticky":false,"template":"","format":"standard","meta":{"footnotes":""},"categories":[468],"tags":[1160,472,1161],"class_list":["post-13791","post","type-post","status-publish","format-standard","has-post-thumbnail","hentry","category-movilidad","tag-centro","tag-movilidad","tag-zona-bajas-emisiones"],"_links":{"self":[{"href":"https:\/\/mataroactiva.net\/cat\/wp-json\/wp\/v2\/posts\/13791","targetHints":{"allow":["GET"]}}],"collection":[{"href":"https:\/\/mataroactiva.net\/cat\/wp-json\/wp\/v2\/posts"}],"about":[{"href":"https:\/\/mataroactiva.net\/cat\/wp-json\/wp\/v2\/types\/post"}],"author":[{"embeddable":true,"href":"https:\/\/mataroactiva.net\/cat\/wp-json\/wp\/v2\/users\/23"}],"replies":[{"embeddable":true,"href":"https:\/\/mataroactiva.net\/cat\/wp-json\/wp\/v2\/comments?post=13791"}],"version-history":[{"count":50,"href":"https:\/\/mataroactiva.net\/cat\/wp-json\/wp\/v2\/posts\/13791\/revisions"}],"predecessor-version":[{"id":17431,"href":"https:\/\/mataroactiva.net\/cat\/wp-json\/wp\/v2\/posts\/13791\/revisions\/17431"}],"wp:featuredmedia":[{"embeddable":true,"href":"https:\/\/mataroactiva.net\/cat\/wp-json\/wp\/v2\/media\/14554"}],"wp:attachment":[{"href":"https:\/\/mataroactiva.net\/cat\/wp-json\/wp\/v2\/media?parent=13791"}],"wp:term":[{"taxonomy":"category","embeddable":true,"href":"https:\/\/mataroactiva.net\/cat\/wp-json\/wp\/v2\/categories?post=13791"},{"taxonomy":"post_tag","embeddable":true,"href":"https:\/\/mataroactiva.net\/cat\/wp-json\/wp\/v2\/tags?post=13791"}],"curies":[{"name":"wp","href":"https:\/\/api.w.org\/{rel}","templated":true}]}}