{"id":11814,"date":"2024-05-30T10:49:33","date_gmt":"2024-05-30T08:49:33","guid":{"rendered":"https:\/?p=11814"},"modified":"2025-01-30T16:12:50","modified_gmt":"2025-01-30T15:12:50","slug":"la-torre-barcelo-progreso-o-perdida-para-mataro","status":"publish","type":"post","link":"https:\/\/mataroactiva.net\/cat\/la-torre-barcelo-progreso-o-perdida-para-mataro\/","title":{"rendered":"La Torre Barcel\u00f3: Progr\u00e9s o P\u00e8rdua per a Matar\u00f3?"},"content":{"rendered":"<div data-elementor-type=\"wp-post\" data-elementor-id=\"11814\" class=\"elementor elementor-11814\" data-elementor-post-type=\"post\">\n\t\t\t\t<div class=\"elementor-element elementor-element-3e5e3e6 e-flex e-con-boxed e-con e-parent\" data-id=\"3e5e3e6\" data-element_type=\"container\">\n\t\t\t\t\t<div class=\"e-con-inner\">\n\t\t\t\t<div class=\"elementor-element elementor-element-6400ea9 elementor-widget elementor-widget-heading\" data-id=\"6400ea9\" data-element_type=\"widget\" data-widget_type=\"heading.default\">\n\t\t\t\t\t<h2 class=\"elementor-heading-title elementor-size-default\">Una Construcci\u00f3 Controvertida<\/h2>\t\t\t\t<\/div>\n\t\t\t\t<div class=\"elementor-element elementor-element-5d229e8 elementor-widget elementor-widget-text-editor\" data-id=\"5d229e8\" data-element_type=\"widget\" data-widget_type=\"text-editor.default\">\n\t\t\t\t\t\t\t\t\t<p>La ciutat de Matar\u00f3 ha estat testimoni d'una acalorada controv\u00e8rsia al voltant de la construcci\u00f3 de la Torre Barcel\u00f3, un imponent gratacel de 26 plantes que s'al\u00e7a al front mar\u00edtim. Aquest ambici\u00f3s projecte, promogut per la multinacional immobili\u00e0ria Stoneweg, ha desfermat un torb de opinions oposades entre els residents i les autoritats locals.<\/p><p>Inicialment concebut com un conjunt d'habitatges de lloguer, la promotora ha fet un gir inesperat en anunciar que tots els 192 apartaments estaran disponibles per a la venda. Aquest canvi de rumb ha enc\u00e8s encara m\u00e9s el debat sobre la necessitat i l'impacte d'un edifici de tal magnitud a la ciutat.<\/p>\t\t\t\t\t\t\t\t<\/div>\n\t\t\t\t\t<\/div>\n\t\t\t\t<\/div>\n\t\t<div class=\"elementor-element elementor-element-89d3e55 e-flex e-con-boxed e-con e-parent\" data-id=\"89d3e55\" data-element_type=\"container\">\n\t\t\t\t\t<div class=\"e-con-inner\">\n\t\t\t\t<div class=\"elementor-element elementor-element-f5d552c elementor-widget elementor-widget-heading\" data-id=\"f5d552c\" data-element_type=\"widget\" data-widget_type=\"heading.default\">\n\t\t\t\t\t<h2 class=\"elementor-heading-title elementor-size-default\">Una icona Disruptiva o un Monstre Arquitect\u00f2nic<\/h2>\t\t\t\t<\/div>\n\t\t\t\t<div class=\"elementor-element elementor-element-dcc8c60 elementor-widget elementor-widget-text-editor\" data-id=\"dcc8c60\" data-element_type=\"widget\" data-widget_type=\"text-editor.default\">\n\t\t\t\t\t\t\t\t\t<p>Mentre alguns celebren la Torre Barcel\u00f3 com un fita arquitect\u00f2nica que situar\u00e0 Matar\u00f3 al mapa, altres la veuen com una aberraci\u00f3 que amena\u00e7a l'harmonia urban\u00edstica de la ciutat. L'alcalde, David Bote, ha defensat en\u00e8rgicament el projecte, qualificant-lo de \"disruptiu\" i assegurant que generar\u00e0 un debat constructiu sobre el futur de Matar\u00f3.<\/p>\t\t\t\t\t\t\t\t<\/div>\n\t\t\t\t<div class=\"elementor-element elementor-element-714c9b4 elementor-widget elementor-widget-heading\" data-id=\"714c9b4\" data-element_type=\"widget\" data-widget_type=\"heading.default\">\n\t\t\t\t\t<h3 class=\"elementor-heading-title elementor-size-default\">Veus a Favor<\/h3>\t\t\t\t<\/div>\n\t\t\t\t<div class=\"elementor-element elementor-element-19e2a3f elementor-widget elementor-widget-text-editor\" data-id=\"19e2a3f\" data-element_type=\"widget\" data-widget_type=\"text-editor.default\">\n\t\t\t\t\t\t\t\t\t<p>Els defensors del gratacel argumenten que la seva pres\u00e8ncia atreura inversions i fomentar\u00e0 el desenvolupament econ\u00f2mic de la regi\u00f3. Juan Galbis, responsable d'actius de Stoneweg, ha destacat l'esfor\u00e7 per aconseguir una integraci\u00f3 equilibrada de l'edifici en l'entorn urb\u00e0, afirmant que \"des del primer minut hem buscat l'equilibri\".<\/p>\t\t\t\t\t\t\t\t<\/div>\n\t\t\t\t<div class=\"elementor-element elementor-element-796e6d5 elementor-widget elementor-widget-heading\" data-id=\"796e6d5\" data-element_type=\"widget\" data-widget_type=\"heading.default\">\n\t\t\t\t\t<h3 class=\"elementor-heading-title elementor-size-default\">Veus en contra<\/h3>\t\t\t\t<\/div>\n\t\t\t\t<div class=\"elementor-element elementor-element-9321bec elementor-widget elementor-widget-text-editor\" data-id=\"9321bec\" data-element_type=\"widget\" data-widget_type=\"text-editor.default\">\n\t\t\t\t\t\t\t\t\t<p>D'altra banda, els detractors han expressat la seva preocupaci\u00f3 per la possible gentrificaci\u00f3 i l'impacte visual que tindr\u00e0 en el skyline de Matar\u00f3. Alguns residents temen que la Torre Barcel\u00f3 es converteixi en un s\u00edmbol de l'especulaci\u00f3 immobili\u00e0ria i contribueixi a la bretxa socioecon\u00f2mica existent.<\/p>\t\t\t\t\t\t\t\t<\/div>\n\t\t\t\t<div class=\"elementor-element elementor-element-994564d elementor-widget elementor-widget-heading\" data-id=\"994564d\" data-element_type=\"widget\" data-widget_type=\"heading.default\">\n\t\t\t\t\t<h2 class=\"elementor-heading-title elementor-size-default\">Un Debat sobre el Futur Urban\u00edstic de Matar\u00f3<\/h2>\t\t\t\t<\/div>\n\t\t\t\t<div class=\"elementor-element elementor-element-954eadb elementor-widget elementor-widget-text-editor\" data-id=\"954eadb\" data-element_type=\"widget\" data-widget_type=\"text-editor.default\">\n\t\t\t\t\t\t\t\t\t<p>M\u00e9s enll\u00e0 de la controv\u00e8rsia entorn de la Torre Barcel\u00f3, l'alcalde Bote ha plantejat una reflexi\u00f3 m\u00e9s profunda sobre el model de ciutat que Matar\u00f3 desitja adoptar. Amb l'esgotament de l'actual pla urban\u00edstic, l'administraci\u00f3 s'enfronta a la tasca de definir una nova visi\u00f3 que respongui a les necessitats d'habitatge assequible i la regeneraci\u00f3 urbana.<\/p><p>El debat sobre la verticalitat i la densitat edificat\u00f2ria ha pres for\u00e7a, amb veus que defensen un enfocament m\u00e9s equilibrat que preservi els espais verds i el car\u00e0cter tradicional de la ciutat. Altres, per\u00f2, defensen la necessitat d'adaptar-se als temps i abra\u00e7ar solucions innovadores per al creixement sostenible.<\/p>\t\t\t\t\t\t\t\t<\/div>\n\t\t\t\t<div class=\"elementor-element elementor-element-537da32 elementor-widget elementor-widget-heading\" data-id=\"537da32\" data-element_type=\"widget\" data-widget_type=\"heading.default\">\n\t\t\t\t\t<h2 class=\"elementor-heading-title elementor-size-default\">Una Crida a la Participaci\u00f3 Ciutadana<\/h2>\t\t\t\t<\/div>\n\t\t\t\t<div class=\"elementor-element elementor-element-62114b7 elementor-widget elementor-widget-text-editor\" data-id=\"62114b7\" data-element_type=\"widget\" data-widget_type=\"text-editor.default\">\n\t\t\t\t\t\t\t\t\t<p>A mesura que el debat sobre la Torre Barcel\u00f3 i el futur urban\u00edstic de Matar\u00f3 s'intensifica, sorgeix una crida a la participaci\u00f3 ciutadana. Tant els defensors com els detractors del projecte han utilitzat les xarxes socials i els mitjans de comunicaci\u00f3 locals per expressar les seves opinions i exigir transpar\u00e8ncia en el proc\u00e9s de presa de decisions.<\/p><p>Algunos residentes han expresado su frustraci\u00f3n por la falta de consulta previa y han pedido a las autoridades que consideren seriamente las preocupaciones de la comunidad. Otros, sin embargo, conf\u00edan en que el debate abierto conducir\u00e1 a soluciones equilibradas que beneficien a todos los mataronins.<\/p>\t\t\t\t\t\t\t\t<\/div>\n\t\t\t\t<div class=\"elementor-element elementor-element-77a2e9c elementor-widget elementor-widget-heading\" data-id=\"77a2e9c\" data-element_type=\"widget\" data-widget_type=\"heading.default\">\n\t\t\t\t\t<h2 class=\"elementor-heading-title elementor-size-default\">Una Oportunitat per Reimaginar el Desenvolupament Urb\u00e0<\/h2>\t\t\t\t<\/div>\n\t\t\t\t<div class=\"elementor-element elementor-element-d0be32b elementor-widget elementor-widget-text-editor\" data-id=\"d0be32b\" data-element_type=\"widget\" data-widget_type=\"text-editor.default\">\n\t\t\t\t\t\t\t\t\t<p>A mesura que la Torre Barcel\u00f3 s'eleva cap al cel, la seva pres\u00e8ncia s'ha convertit en un catalitzador per a un di\u00e0leg m\u00e9s ampli sobre el desenvolupament urb\u00e0 sostenible i la preservaci\u00f3 del patrimoni cultural i ambiental de Matar\u00f3. Aquesta controv\u00e8rsia ha posat de manifest la necessitat de trobar un equilibri entre el progr\u00e9s econ\u00f2mic i la qualitat de vida dels residents.<\/p><p>Independentment de les postures individuals, la Torre Barcel\u00f3 ha demostrat ser un recordatori poder\u00f3s de la import\u00e0ncia d'involucrar la comunitat en les decisions que donaran forma al futur de la ciutat. Nom\u00e9s mitjan\u00e7ant un di\u00e0leg obert i una planificaci\u00f3 cuidadosa, Matar\u00f3 podr\u00e0 navegar pels reptes del creixement urb\u00e0 i emergir com una ciutat vibrant i acollidora per a tots.<\/p>\t\t\t\t\t\t\t\t<\/div>\n\t\t\t\t<div class=\"elementor-element elementor-element-1f9ea1e elementor-widget elementor-widget-heading\" data-id=\"1f9ea1e\" data-element_type=\"widget\" data-widget_type=\"heading.default\">\n\t\t\t\t\t<h2 class=\"elementor-heading-title elementor-size-default\">Reflexi\u00f3 Final: Cap a un Futur Urb\u00e0 Inclusiu<\/h2>\t\t\t\t<\/div>\n\t\t\t\t<div class=\"elementor-element elementor-element-b97e528 elementor-widget elementor-widget-text-editor\" data-id=\"b97e528\" data-element_type=\"widget\" data-widget_type=\"text-editor.default\">\n\t\t\t\t\t\t\t\t\t<p>El futur de la Torre Barcel\u00f3 i el seu impacte a Matar\u00f3 encara est\u00e0 per definir-se, per\u00f2 la seva mera exist\u00e8ncia ja ha generat un di\u00e0leg crucial sobre el desenvolupament urb\u00e0 i la identitat de la ciutat. Tot i que aquest proc\u00e9s ha estat pol\u00e8mic, ha destacat la import\u00e0ncia de la participaci\u00f3 comunit\u00e0ria i la necessitat de trobar solucions que respectin tant el creixement econ\u00f2mic com el benestar dels ciutadans. En \u00faltima inst\u00e0ncia, el veritable \u00e8xit de la Torre Barcel\u00f3 dependr\u00e0 de la seva capacitat per harmonitzar amb les aspiracions i valors dels mataronins, convertint-se en un model de desenvolupament que altres puguin seguir.<\/p>\t\t\t\t\t\t\t\t<\/div>\n\t\t\t\t\t<\/div>\n\t\t\t\t<\/div>\n\t\t\t\t<\/div>","protected":false},"excerpt":{"rendered":"<p>Una Construcci\u00f3n Controvertida La ciudad de Matar\u00f3 ha sido testigo de una acalorada controversia en torno a la construcci\u00f3n de la Torre Barcel\u00f3, un imponente rascacielos de 26 plantas que se erige en el frente mar\u00edtimo. Este ambicioso proyecto, promovido por la multinacional inmobiliaria Stoneweg, ha desatado un torbellino de opiniones encontradas entre los residentes &hellip; <\/p>","protected":false},"author":23,"featured_media":11819,"comment_status":"open","ping_status":"open","sticky":false,"template":"","format":"standard","meta":{"footnotes":""},"categories":[389],"tags":[391,392,390,393],"class_list":["post-11814","post","type-post","status-publish","format-standard","has-post-thumbnail","hentry","category-urbanismo","tag-barcelo","tag-debate","tag-torre","tag-urbanismo"],"_links":{"self":[{"href":"https:\/\/mataroactiva.net\/cat\/wp-json\/wp\/v2\/posts\/11814","targetHints":{"allow":["GET"]}}],"collection":[{"href":"https:\/\/mataroactiva.net\/cat\/wp-json\/wp\/v2\/posts"}],"about":[{"href":"https:\/\/mataroactiva.net\/cat\/wp-json\/wp\/v2\/types\/post"}],"author":[{"embeddable":true,"href":"https:\/\/mataroactiva.net\/cat\/wp-json\/wp\/v2\/users\/23"}],"replies":[{"embeddable":true,"href":"https:\/\/mataroactiva.net\/cat\/wp-json\/wp\/v2\/comments?post=11814"}],"version-history":[{"count":3,"href":"https:\/\/mataroactiva.net\/cat\/wp-json\/wp\/v2\/posts\/11814\/revisions"}],"predecessor-version":[{"id":11817,"href":"https:\/\/mataroactiva.net\/cat\/wp-json\/wp\/v2\/posts\/11814\/revisions\/11817"}],"wp:featuredmedia":[{"embeddable":true,"href":"https:\/\/mataroactiva.net\/cat\/wp-json\/wp\/v2\/media\/11819"}],"wp:attachment":[{"href":"https:\/\/mataroactiva.net\/cat\/wp-json\/wp\/v2\/media?parent=11814"}],"wp:term":[{"taxonomy":"category","embeddable":true,"href":"https:\/\/mataroactiva.net\/cat\/wp-json\/wp\/v2\/categories?post=11814"},{"taxonomy":"post_tag","embeddable":true,"href":"https:\/\/mataroactiva.net\/cat\/wp-json\/wp\/v2\/tags?post=11814"}],"curies":[{"name":"wp","href":"https:\/\/api.w.org\/{rel}","templated":true}]}}