{"id":11278,"date":"2024-05-17T16:52:22","date_gmt":"2024-05-17T14:52:22","guid":{"rendered":"https:\/?p=11278"},"modified":"2025-01-30T16:12:59","modified_gmt":"2025-01-30T15:12:59","slug":"la-nueva-feria-de-mataro-nueva-noria-mas-descuentos-y-mucha-diversion","status":"publish","type":"post","link":"https:\/\/mataroactiva.net\/cat\/la-nueva-feria-de-mataro-nueva-noria-mas-descuentos-y-mucha-diversion\/","title":{"rendered":"La nova Fira de Matar\u00f3: Nova Noria, M\u00e9s Descomptes i Molta Diversi\u00f3!"},"content":{"rendered":"<div data-elementor-type=\"wp-post\" data-elementor-id=\"11278\" class=\"elementor elementor-11278\" data-elementor-post-type=\"post\">\n\t\t\t\t<div class=\"elementor-element elementor-element-3e5e3e6 e-flex e-con-boxed e-con e-parent\" data-id=\"3e5e3e6\" data-element_type=\"container\">\n\t\t\t\t\t<div class=\"e-con-inner\">\n\t\t\t\t<div class=\"elementor-element elementor-element-5d229e8 elementor-widget elementor-widget-text-editor\" data-id=\"5d229e8\" data-element_type=\"widget\" data-widget_type=\"text-editor.default\">\n\t\t\t\t\t\t\t\t\t<p>El Parc Central Nou acull, un any m\u00e9s, la Fira de Matar\u00f3, que far\u00e0 les del\u00edcies dels m\u00e9s petits del 17 al 26 de maig.<\/p><p>El nou parc central es transforma, com cada any, en un epicentre d'entreteniment i diversi\u00f3. Aquest any, a m\u00e9s, la cita promet ser encara m\u00e9s especial, carregada de novetats irresistibles per a totes les edats.<\/p>\t\t\t\t\t\t\t\t<\/div>\n\t\t\t\t\t<\/div>\n\t\t\t\t<\/div>\n\t\t<div class=\"elementor-element elementor-element-89d3e55 e-flex e-con-boxed e-con e-parent\" data-id=\"89d3e55\" data-element_type=\"container\">\n\t\t\t\t\t<div class=\"e-con-inner\">\n\t\t\t\t<div class=\"elementor-element elementor-element-f5d552c elementor-widget elementor-widget-heading\" data-id=\"f5d552c\" data-element_type=\"widget\" data-widget_type=\"heading.default\">\n\t\t\t\t\t<h2 class=\"elementor-heading-title elementor-size-default\">La nova noria, el gran atractiu<\/h2>\t\t\t\t<\/div>\n\t\t\t\t<div class=\"elementor-element elementor-element-dcc8c60 elementor-widget elementor-widget-text-editor\" data-id=\"dcc8c60\" data-element_type=\"widget\" data-widget_type=\"text-editor.default\">\n\t\t\t\t\t\t\t\t\t<p>Una de les novetats m\u00e9s importants pel que fa a atraccions \u00e9s la nova noria. Contempla la ciutat des de les altures amb la nova noria de 30 metres. Ideal per gaudir del skyline de Matar\u00f3!<\/p>\t\t\t\t\t\t\t\t<\/div>\n\t\t\t\t<div class=\"elementor-element elementor-element-b14c36b elementor-widget elementor-widget-heading\" data-id=\"b14c36b\" data-element_type=\"widget\" data-widget_type=\"heading.default\">\n\t\t\t\t\t<h2 class=\"elementor-heading-title elementor-size-default\">M\u00e9s dies de descomptes<\/h2>\t\t\t\t<\/div>\n\t\t\t\t<div class=\"elementor-element elementor-element-19e2a3f elementor-widget elementor-widget-text-editor\" data-id=\"19e2a3f\" data-element_type=\"widget\" data-widget_type=\"text-editor.default\">\n\t\t\t\t\t\t\t\t\t<p>I si pensaves que les novetats s'acaben aqu\u00ed, est\u00e0s equivocat, perqu\u00e8 aquest any els dies de descompte s'han ampliat\u2026 a tres dies! Els dies 21, 22 i 23 de maig, les atraccions tindran un 50% de descompte perqu\u00e8 gaudeixis de la fira amb tota la fam\u00edlia. (Horari de 16.30 a 19.30 h).<\/p>\t\t\t\t\t\t\t\t<\/div>\n\t\t\t\t<div class=\"elementor-element elementor-element-4b111c4 elementor-widget elementor-widget-image\" data-id=\"4b111c4\" data-element_type=\"widget\" data-widget_type=\"image.default\">\n\t\t\t\t\t\t\t\t\t\t\t\t\t\t\t<img width=\"724\" height=\"484\" class=\"attachment-large size-large wp-image-11282 lazy\" alt=\"\" data-src=\"https:\/\/mataroactiva.net\/wp-content\/uploads\/2024\/05\/image-91-1024x684-1.png\" data-lazy=\"https:\/\/mataroactiva.net\/wp-content\/uploads\/2024\/05\/image-91-1024x684-1.png\" \/>\t\t\t\t\t\t\t\t\t\t\t\t\t\t\t<\/div>\n\t\t\t\t<div class=\"elementor-element elementor-element-3efc2f3 elementor-widget elementor-widget-heading\" data-id=\"3efc2f3\" data-element_type=\"widget\" data-widget_type=\"heading.default\">\n\t\t\t\t\t<h2 class=\"elementor-heading-title elementor-size-default\">Fira Inclusiva<\/h2>\t\t\t\t<\/div>\n\t\t\t\t<div class=\"elementor-element elementor-element-9321bec elementor-widget elementor-widget-text-editor\" data-id=\"9321bec\" data-element_type=\"widget\" data-widget_type=\"text-editor.default\">\n\t\t\t\t\t\t\t\t\t<p>A m\u00e9s, la fira habilita una jornada especial per a nens i joves amb diversitat funcional, creant un ambient adaptat perqu\u00e8 tots gaudeixin de la mateixa manera. Aquesta jornada tindr\u00e0 lloc el dia 22 al mat\u00ed (de 10.30 a 12.30 h).<\/p>\t\t\t\t\t\t\t\t<\/div>\n\t\t\t\t<div class=\"elementor-element elementor-element-994564d elementor-widget elementor-widget-heading\" data-id=\"994564d\" data-element_type=\"widget\" data-widget_type=\"heading.default\">\n\t\t\t\t\t<h2 class=\"elementor-heading-title elementor-size-default\">Jornada sense sorolls<\/h2>\t\t\t\t<\/div>\n\t\t\t\t<div class=\"elementor-element elementor-element-954eadb elementor-widget elementor-widget-text-editor\" data-id=\"954eadb\" data-element_type=\"widget\" data-widget_type=\"text-editor.default\">\n\t\t\t\t\t\t\t\t\t<p>Tamb\u00e9 s'amplia la jornada sense sorolls. Aquest any ser\u00e0 els dissabtes 18 i 25 de maig, de 12:00 a 13:00 h. Durant una hora, les atraccions funcionaran sense emetre sons ni llums, amb la finalitat que persones amb diferents hipersensibilitats puguin gaudir de la fira.<\/p>\t\t\t\t\t\t\t\t<\/div>\n\t\t\t\t<div class=\"elementor-element elementor-element-537da32 elementor-widget elementor-widget-heading\" data-id=\"537da32\" data-element_type=\"widget\" data-widget_type=\"heading.default\">\n\t\t\t\t\t<h2 class=\"elementor-heading-title elementor-size-default\">Fireta de Primavera<\/h2>\t\t\t\t<\/div>\n\t\t\t\t<div class=\"elementor-element elementor-element-62114b7 elementor-widget elementor-widget-text-editor\" data-id=\"62114b7\" data-element_type=\"widget\" data-widget_type=\"text-editor.default\">\n\t\t\t\t\t\t\t\t\t<p>Aquest any, la Ferieta de Primavera comptar\u00e0 amb 26 parades amb diferents articles d'artesania i regals.<\/p>\t\t\t\t\t\t\t\t<\/div>\n\t\t\t\t<div class=\"elementor-element elementor-element-77a2e9c elementor-widget elementor-widget-heading\" data-id=\"77a2e9c\" data-element_type=\"widget\" data-widget_type=\"heading.default\">\n\t\t\t\t\t<h2 class=\"elementor-heading-title elementor-size-default\">Zona de bars i actuacions musicals<\/h2>\t\t\t\t<\/div>\n\t\t\t\t<div class=\"elementor-element elementor-element-d0be32b elementor-widget elementor-widget-text-editor\" data-id=\"d0be32b\" data-element_type=\"widget\" data-widget_type=\"text-editor.default\">\n\t\t\t\t\t\t\t\t\t<p>Com cada any, s'habilitar\u00e0 una zona de restauraci\u00f3 al Parc Central Vell. Aquest any comptar\u00e0 amb 8 bars i restaurants. L'horari d'obertura ser\u00e0: divendres, dissabte i vespres de festiu fins a les 2:00 del mat\u00ed, i la resta de dies fins a les 00:00 h.<\/p>\t\t\t\t\t\t\t\t<\/div>\n\t\t\t\t<div class=\"elementor-element elementor-element-28df5ea elementor-widget elementor-widget-heading\" data-id=\"28df5ea\" data-element_type=\"widget\" data-widget_type=\"heading.default\">\n\t\t\t\t\t<h3 class=\"elementor-heading-title elementor-size-default\">Actuacions:<\/h3>\t\t\t\t<\/div>\n\t\t\t\t<div class=\"elementor-element elementor-element-79e6c68 elementor-widget elementor-widget-text-editor\" data-id=\"79e6c68\" data-element_type=\"widget\" data-widget_type=\"text-editor.default\">\n\t\t\t\t\t\t\t\t\t<ul><li><strong>Dilluns 20<\/strong>: Jazz&amp;Fusion Quartet amb Pau Aguilar, Oriol Roquer, Xabi Or\u00f3 i Enric Serras.<\/li><li><strong>Dimarts 21<\/strong>: Sr. Roberto Rock.<\/li><li class=\"translation-block\"><strong>Dijous 23<\/strong>: Maria Lamata &amp; Armando.<\/li><\/ul>\t\t\t\t\t\t\t\t<\/div>\n\t\t\t\t<div class=\"elementor-element elementor-element-1f9ea1e elementor-widget elementor-widget-heading\" data-id=\"1f9ea1e\" data-element_type=\"widget\" data-widget_type=\"heading.default\">\n\t\t\t\t\t<h2 class=\"elementor-heading-title elementor-size-default\">On aparcar?<\/h2>\t\t\t\t<\/div>\n\t\t\t\t<div class=\"elementor-element elementor-element-b97e528 elementor-widget elementor-widget-text-editor\" data-id=\"b97e528\" data-element_type=\"widget\" data-widget_type=\"text-editor.default\">\n\t\t\t\t\t\t\t\t\t<p>Els p\u00e0rquings de la Pla\u00e7a Granollers i el Cam\u00ed de la Geganta ampliaran els seus horaris per adaptar-se als horaris de la fira.<\/p>\t\t\t\t\t\t\t\t<\/div>\n\t\t\t\t<div class=\"elementor-element elementor-element-6279a14 elementor-widget elementor-widget-image\" data-id=\"6279a14\" data-element_type=\"widget\" data-widget_type=\"image.default\">\n\t\t\t\t\t\t\t\t\t\t\t\t\t\t\t<img width=\"724\" height=\"543\" class=\"attachment-large size-large wp-image-11288 lazy\" alt=\"\" data-src=\"https:\/\/mataroactiva.net\/wp-content\/uploads\/2024\/05\/P1010326-1030x773-1-1024x768.jpg\" data-lazy=\"https:\/\/mataroactiva.net\/wp-content\/uploads\/2024\/05\/P1010326-1030x773-1-1024x768.jpg\" \/>\t\t\t\t\t\t\t\t\t\t\t\t\t\t\t<\/div>\n\t\t\t\t<div class=\"elementor-element elementor-element-68e4bce elementor-widget elementor-widget-heading\" data-id=\"68e4bce\" data-element_type=\"widget\" data-widget_type=\"heading.default\">\n\t\t\t\t\t<h2 class=\"elementor-heading-title elementor-size-default\">Com arribar-hi?<\/h2>\t\t\t\t<\/div>\n\t\t\t\t<div class=\"elementor-element elementor-element-3337084 elementor-widget elementor-widget-text-editor\" data-id=\"3337084\" data-element_type=\"widget\" data-widget_type=\"text-editor.default\">\n\t\t\t\t\t\t\t\t\t<p>Puedes llegar a la feria con diferentes autobuses municipales:<\/p><ul><li>L\u00ednies d'autob\u00fas 2, 3, 4, 5, 6, 7, 8, 15 i N1.<\/li><\/ul>\t\t\t\t\t\t\t\t<\/div>\n\t\t\t\t\t<\/div>\n\t\t\t\t<\/div>\n\t\t\t\t<\/div>","protected":false},"excerpt":{"rendered":"<p>El Parque Central Nuevo acoge, un a\u00f1o m\u00e1s, la Feria de Matar\u00f3, que har\u00e1 las delicias de los m\u00e1s peque\u00f1os del 17 al 26 de mayo. El Parque Central Nuevo se transforma, como cada a\u00f1o, en un epicentro de entretenimiento y diversi\u00f3n. Este a\u00f1o, adem\u00e1s, la cita promete ser a\u00fan m\u00e1s especial, cargada de novedades &hellip; <\/p>","protected":false},"author":23,"featured_media":11283,"comment_status":"open","ping_status":"open","sticky":false,"template":"","format":"standard","meta":{"footnotes":""},"categories":[312],"tags":[320,319,321],"class_list":["post-11278","post","type-post","status-publish","format-standard","has-post-thumbnail","hentry","category-cultura","tag-atracciones","tag-feria","tag-noria"],"_links":{"self":[{"href":"https:\/\/mataroactiva.net\/cat\/wp-json\/wp\/v2\/posts\/11278","targetHints":{"allow":["GET"]}}],"collection":[{"href":"https:\/\/mataroactiva.net\/cat\/wp-json\/wp\/v2\/posts"}],"about":[{"href":"https:\/\/mataroactiva.net\/cat\/wp-json\/wp\/v2\/types\/post"}],"author":[{"embeddable":true,"href":"https:\/\/mataroactiva.net\/cat\/wp-json\/wp\/v2\/users\/23"}],"replies":[{"embeddable":true,"href":"https:\/\/mataroactiva.net\/cat\/wp-json\/wp\/v2\/comments?post=11278"}],"version-history":[{"count":16,"href":"https:\/\/mataroactiva.net\/cat\/wp-json\/wp\/v2\/posts\/11278\/revisions"}],"predecessor-version":[{"id":11826,"href":"https:\/\/mataroactiva.net\/cat\/wp-json\/wp\/v2\/posts\/11278\/revisions\/11826"}],"wp:featuredmedia":[{"embeddable":true,"href":"https:\/\/mataroactiva.net\/cat\/wp-json\/wp\/v2\/media\/11283"}],"wp:attachment":[{"href":"https:\/\/mataroactiva.net\/cat\/wp-json\/wp\/v2\/media?parent=11278"}],"wp:term":[{"taxonomy":"category","embeddable":true,"href":"https:\/\/mataroactiva.net\/cat\/wp-json\/wp\/v2\/categories?post=11278"},{"taxonomy":"post_tag","embeddable":true,"href":"https:\/\/mataroactiva.net\/cat\/wp-json\/wp\/v2\/tags?post=11278"}],"curies":[{"name":"wp","href":"https:\/\/api.w.org\/{rel}","templated":true}]}}