{"id":11138,"date":"2024-05-16T21:25:43","date_gmt":"2024-05-16T19:25:43","guid":{"rendered":"https:\/?p=11138"},"modified":"2025-01-30T16:13:09","modified_gmt":"2025-01-30T15:13:09","slug":"tocando-el-cielo-descubre-el-mundo-de-los-castells-antes-de-les-santes","status":"publish","type":"post","link":"https:\/\/mataroactiva.net\/cat\/tocando-el-cielo-descubre-el-mundo-de-los-castells-antes-de-les-santes\/","title":{"rendered":"Tocant el cel: descobreix el m\u00f3n dels Castells abans de les Santes"},"content":{"rendered":"<div data-elementor-type=\"wp-post\" data-elementor-id=\"11138\" class=\"elementor elementor-11138\" data-elementor-post-type=\"post\">\n\t\t\t\t<div class=\"elementor-element elementor-element-3e5e3e6 e-flex e-con-boxed e-con e-parent\" data-id=\"3e5e3e6\" data-element_type=\"container\">\n\t\t\t\t\t<div class=\"e-con-inner\">\n\t\t\t\t<div class=\"elementor-element elementor-element-5d229e8 elementor-widget elementor-widget-text-editor\" data-id=\"5d229e8\" data-element_type=\"widget\" data-widget_type=\"text-editor.default\">\n\t\t\t\t\t\t\t\t\t<p>Els castellers de Catalunya han captivat el m\u00f3n amb la seva impressionant destresa a construir torres humanes monumentals, una tradici\u00f3 profundament arrelada a la cultura catalana.<\/p>\n<p>Aquestes formacions elevades, conegudes com a castells, s\u00f3n molt m\u00e9s que una simple exhibici\u00f3 de for\u00e7a i equilibri; representen un s\u00edmbol poder\u00f3s d'unitat, coratge i perseveran\u00e7a.<\/p>\t\t\t\t\t\t\t\t<\/div>\n\t\t\t\t\t<\/div>\n\t\t\t\t<\/div>\n\t\t<div class=\"elementor-element elementor-element-89d3e55 e-flex e-con-boxed e-con e-parent\" data-id=\"89d3e55\" data-element_type=\"container\">\n\t\t\t\t\t<div class=\"e-con-inner\">\n\t\t\t\t<div class=\"elementor-element elementor-element-f5d552c elementor-widget elementor-widget-heading\" data-id=\"f5d552c\" data-element_type=\"widget\" data-widget_type=\"heading.default\">\n\t\t\t\t\t<h2 class=\"elementor-heading-title elementor-size-default\">La M\u00e0gia dels Castells: Una Tradici\u00f3 Mil\u00b7len\u00e0ria<\/h2>\t\t\t\t<\/div>\n\t\t\t\t<div class=\"elementor-element elementor-element-dcc8c60 elementor-widget elementor-widget-text-editor\" data-id=\"dcc8c60\" data-element_type=\"widget\" data-widget_type=\"text-editor.default\">\n\t\t\t\t\t\t\t\t\t<p>Els castells han estat un element distintiu de les celebracions catalanes durant segles. Encara que els seus or\u00edgens exactes es perden a la nebulosa del passat, es creu que van evolucionar dels antics \"balls de valencians\" o \"muixerangues\", danses folkl\u00f2riques que involucraven la formaci\u00f3 d'estructures piramidals amb persones.<\/p>\n<p>Aquesta pr\u00e0ctica \u00fanica ha transcendit l'\u00e0mbit merament l\u00fadic per convertir-se en un emblema de la identitat catalana, testimoni viu de la tenacitat i l'esperit comunitari que ens caracteritzen.<\/p>\n<p>Els Castells no nom\u00e9s desafien els l\u00edmits de la for\u00e7a humana, sin\u00f3 que tamb\u00e9 simbolitzen la uni\u00f3 indestructible d'un poble comprom\u00e8s amb les seves tradicions.<\/p>\n\t\t\t\t\t\t\t\t<\/div>\n\t\t\t\t<div class=\"elementor-element elementor-element-b14c36b elementor-widget elementor-widget-heading\" data-id=\"b14c36b\" data-element_type=\"widget\" data-widget_type=\"heading.default\">\n\t\t\t\t\t<h2 class=\"elementor-heading-title elementor-size-default\">El Cor dels Castells: Les Colles Castelleres<\/h2>\t\t\t\t<\/div>\n\t\t\t\t<div class=\"elementor-element elementor-element-19e2a3f elementor-widget elementor-widget-text-editor\" data-id=\"19e2a3f\" data-element_type=\"widget\" data-widget_type=\"text-editor.default\">\n\t\t\t\t\t\t\t\t\t\n<p>Al cor d'aquesta tradici\u00f3 hi ha les colles castelleres, grups de persones apassionades i dedicades que es reuneixen amb l'\u00fanic prop\u00f2sit de construir aquests monuments humans. Cada colla, o grup, es compon d'individus de totes les edats i estrats socials, units per un vincle infrangible forjat a trav\u00e9s d'innombrables hores de pr\u00e0ctica i actuacions.<\/p>\n<p>Aquestes colles s\u00f3n molt m\u00e9s que simples agrupacions; s\u00f3n veritables comunitats on es cultiven valors com el treball en equip, la disciplina i el respecte mutu. Cada membre exerceix un paper crucial, des dels robusts \u201cbaixos\u201d que suporten el pes de la torre, fins a les \u00e0gils \u201cenxanetes\u201d que coronen el cim amb gr\u00e0cia i valentia.<\/p>\t\t\t\t\t\t\t\t<\/div>\n\t\t\t\t<div class=\"elementor-element elementor-element-4b111c4 elementor-widget elementor-widget-image\" data-id=\"4b111c4\" data-element_type=\"widget\" data-widget_type=\"image.default\">\n\t\t\t\t\t\t\t\t\t\t\t\t\t\t\t<img width=\"724\" height=\"407\" class=\"attachment-large size-large wp-image-11179 lazy\" alt=\"\" data-src=\"https:\/\/mataroactiva.net\/wp-content\/uploads\/2024\/05\/5fa920d251a24-1024x576.jpeg\" data-lazy=\"https:\/\/mataroactiva.net\/wp-content\/uploads\/2024\/05\/5fa920d251a24-1024x576.jpeg\" \/>\t\t\t\t\t\t\t\t\t\t\t\t\t\t\t<\/div>\n\t\t\t\t<div class=\"elementor-element elementor-element-3efc2f3 elementor-widget elementor-widget-heading\" data-id=\"3efc2f3\" data-element_type=\"widget\" data-widget_type=\"heading.default\">\n\t\t\t\t\t<h2 class=\"elementor-heading-title elementor-size-default\">L'Estructura d'un Castell: Pisos i Rols Entrella\u00e7ats<\/h2>\t\t\t\t<\/div>\n\t\t\t\t<div class=\"elementor-element elementor-element-9321bec elementor-widget elementor-widget-text-editor\" data-id=\"9321bec\" data-element_type=\"widget\" data-widget_type=\"text-editor.default\">\n\t\t\t\t\t\t\t\t\t<p>Un castell \u00e9s una obra mestra d'enginyeria humana, on cada pe\u00e7a encaixa a la perfecci\u00f3 per crear una estructura s\u00f2lida i harmoniosa. Aquesta formaci\u00f3 es divideix en tres seccions principals: la pinya, el tronc i el pom de dalt.<\/p>\t\t\t\t\t\t\t\t<\/div>\n\t\t\t\t<div class=\"elementor-element elementor-element-2ef5626 elementor-widget elementor-widget-heading\" data-id=\"2ef5626\" data-element_type=\"widget\" data-widget_type=\"heading.default\">\n\t\t\t\t\t<h3 class=\"elementor-heading-title elementor-size-default\">La Pinya: La Base S\u00f2lida<\/h3>\t\t\t\t<\/div>\n\t\t\t\t<div class=\"elementor-element elementor-element-954eadb elementor-widget elementor-widget-text-editor\" data-id=\"954eadb\" data-element_type=\"widget\" data-widget_type=\"text-editor.default\">\n\t\t\t\t\t\t\t\t\t<p>La pinya, o base, \u00e9s el fonament sobre el qual s'erigeix \u200b\u200bel castell. Aquesta secci\u00f3 est\u00e0 formada per diverses capes de persones acuradament posicionades, cadascuna amb un rol espec\u00edfic. Els baixos s\u00f3n els pilars fonamentals que suporten el pes de la torre sobre les espatlles, mentre que les crosses i contraforts els reforcen des de diferents angles, evitant que s'enfonsin sota la pressi\u00f3.<\/p>\t\t\t\t\t\t\t\t<\/div>\n\t\t\t\t<div class=\"elementor-element elementor-element-28df5ea elementor-widget elementor-widget-heading\" data-id=\"28df5ea\" data-element_type=\"widget\" data-widget_type=\"heading.default\">\n\t\t\t\t\t<h3 class=\"elementor-heading-title elementor-size-default\">El Tronc: La Columna Vertebral<\/h3>\t\t\t\t<\/div>\n\t\t\t\t<div class=\"elementor-element elementor-element-79e6c68 elementor-widget elementor-widget-text-editor\" data-id=\"79e6c68\" data-element_type=\"widget\" data-widget_type=\"text-editor.default\">\n\t\t\t\t\t\t\t\t\t<p>El tronc, \u00e9s la columna vertebral del castell, formada per pisos ascendents de persones entrella\u00e7ades. Aqu\u00ed, els castellers m\u00e9s forts i pesats s'ubiquen als nivells inferiors, brindant una base s\u00f2lida, mentre que els m\u00e9s lleugers ocupen els pisos superiors, aportant agilitat i equilibri.<\/p>\t\t\t\t\t\t\t\t<\/div>\n\t\t\t\t<div class=\"elementor-element elementor-element-9c74c21 elementor-widget elementor-widget-heading\" data-id=\"9c74c21\" data-element_type=\"widget\" data-widget_type=\"heading.default\">\n\t\t\t\t\t<h3 class=\"elementor-heading-title elementor-size-default\">El Pom de Dalt: La Gloriosa Corona<\/h3>\t\t\t\t<\/div>\n\t\t\t\t<div class=\"elementor-element elementor-element-b7ab9bd elementor-widget elementor-widget-text-editor\" data-id=\"b7ab9bd\" data-element_type=\"widget\" data-widget_type=\"text-editor.default\">\n\t\t\t\t\t\t\t\t\t<p>Finalment, el pom de dalt, o corona, \u00e9s la secci\u00f3 superior del castell, composta pels darrers tres nivells: els dosos, l'aixecador i l'enxaneta. Els dosos formen l'antepen\u00faltim pis, brindant un s\u00f2lid suport a l'aixecador, que a la vegada sost\u00e9 l'enxaneta, la persona que corona el cim amb gr\u00e0cia i valentia, deslligant una ovaci\u00f3 ensordidora de la multitud.<\/p>\t\t\t\t\t\t\t\t<\/div>\n\t\t\t\t<div class=\"elementor-element elementor-element-1f9ea1e elementor-widget elementor-widget-heading\" data-id=\"1f9ea1e\" data-element_type=\"widget\" data-widget_type=\"heading.default\">\n\t\t\t\t\t<h2 class=\"elementor-heading-title elementor-size-default\">Les Altures Desafiants: Classificaci\u00f3 dels Castells<\/h2>\t\t\t\t<\/div>\n\t\t\t\t<div class=\"elementor-element elementor-element-b97e528 elementor-widget elementor-widget-text-editor\" data-id=\"b97e528\" data-element_type=\"widget\" data-widget_type=\"text-editor.default\">\n\t\t\t\t\t\t\t\t\t<p>Els castells es classifiquen segons la seva altura i complexitat, cosa que determina el seu nivell de dificultat i el grau de destresa requerit pels castellers. Algunes de les formacions m\u00e9s emblem\u00e0tiques inclouen:<\/p>\t\t\t\t\t\t\t\t<\/div>\n\t\t\t\t<div class=\"elementor-element elementor-element-c0ca1d4 elementor-widget elementor-widget-heading\" data-id=\"c0ca1d4\" data-element_type=\"widget\" data-widget_type=\"heading.default\">\n\t\t\t\t\t<h3 class=\"elementor-heading-title elementor-size-default\">El Tres de Vuit<\/h3>\t\t\t\t<\/div>\n\t\t\t\t<div class=\"elementor-element elementor-element-42f0e48 elementor-widget elementor-widget-text-editor\" data-id=\"42f0e48\" data-element_type=\"widget\" data-widget_type=\"text-editor.default\">\n\t\t\t\t\t\t\t\t\t<p>El tres de vuit, o torre de vuit pisos i tres persones per nivell, \u00e9s una de les construccions m\u00e9s b\u00e0siques i comunes a les actuacions castelleres. Tot i la seva aparent senzillesa, requereix una coordinaci\u00f3 precisa i una base s\u00f2lida.<\/p>\t\t\t\t\t\t\t\t<\/div>\n\t\t<div class=\"elementor-element elementor-element-3de16c0 e-con-full e-flex e-con e-child\" data-id=\"3de16c0\" data-element_type=\"container\">\n\t\t<div class=\"elementor-element elementor-element-c663221 e-flex e-con-boxed e-con e-child\" data-id=\"c663221\" data-element_type=\"container\">\n\t\t\t\t\t<div class=\"e-con-inner\">\n\t\t\t\t<div class=\"elementor-element elementor-element-1854aa1 elementor-widget elementor-widget-image\" data-id=\"1854aa1\" data-element_type=\"widget\" data-widget_type=\"image.default\">\n\t\t\t\t\t\t\t\t\t\t\t\t<figure class=\"wp-caption\">\n\t\t\t\t\t\t\t\t\t\t<img width=\"724\" height=\"1059\" class=\"attachment-medium_large size-medium_large wp-image-11143 lazy\" alt=\"\" data-src=\"https:\/\/mataroactiva.net\/wp-content\/uploads\/2024\/05\/TresDeVuitPerSota-768x1123.jpg\" data-lazy=\"https:\/\/mataroactiva.net\/wp-content\/uploads\/2024\/05\/TresDeVuitPerSota-768x1123.jpg\" \/>\t\t\t\t\t\t\t\t\t\t\t<figcaption class=\"widget-image-caption wp-caption-text\">3 de 8<\/figcaption>\n\t\t\t\t\t\t\t\t\t\t<\/figure>\n\t\t\t\t\t\t\t\t\t<\/div>\n\t\t\t\t\t<\/div>\n\t\t\t\t<\/div>\n\t\t<div class=\"elementor-element elementor-element-0e9116f e-flex e-con-boxed e-con e-child\" data-id=\"0e9116f\" data-element_type=\"container\">\n\t\t\t\t\t<div class=\"e-con-inner\">\n\t\t\t\t<div class=\"elementor-element elementor-element-16c5d88 elementor-widget elementor-widget-image\" data-id=\"16c5d88\" data-element_type=\"widget\" data-widget_type=\"image.default\">\n\t\t\t\t\t\t\t\t\t\t\t\t<figure class=\"wp-caption\">\n\t\t\t\t\t\t\t\t\t\t<img width=\"402\" height=\"600\" class=\"attachment-medium_large size-medium_large wp-image-11154 lazy\" alt=\"\" data-src=\"https:\/\/mataroactiva.net\/wp-content\/uploads\/2024\/05\/eix-quatre-de-vuit-dels-bordegassos-a-les-corts-39697.jpg\" data-lazy=\"https:\/\/mataroactiva.net\/wp-content\/uploads\/2024\/05\/eix-quatre-de-vuit-dels-bordegassos-a-les-corts-39697.jpg\" \/>\t\t\t\t\t\t\t\t\t\t\t<figcaption class=\"widget-image-caption wp-caption-text\">4 de 8<\/figcaption>\n\t\t\t\t\t\t\t\t\t\t<\/figure>\n\t\t\t\t\t\t\t\t\t<\/div>\n\t\t\t\t\t<\/div>\n\t\t\t\t<\/div>\n\t\t\t\t<\/div>\n\t\t\t\t<div class=\"elementor-element elementor-element-503e932 elementor-widget elementor-widget-heading\" data-id=\"503e932\" data-element_type=\"widget\" data-widget_type=\"heading.default\">\n\t\t\t\t\t<h3 class=\"elementor-heading-title elementor-size-default\">El Quatre de Vuit<\/h3>\t\t\t\t<\/div>\n\t\t\t\t<div class=\"elementor-element elementor-element-7c45397 elementor-widget elementor-widget-text-editor\" data-id=\"7c45397\" data-element_type=\"widget\" data-widget_type=\"text-editor.default\">\n\t\t\t\t\t\t\t\t\t<p>El \"quatre de vuit\", amb vuit pisos i quatre persones per nivell, representa un desafiament m\u00e9s gran. Aquesta formaci\u00f3 exigeix \u200b\u200buna for\u00e7a i un equilibri excepcionals, especialment als nivells superiors.<\/p>\t\t\t\t\t\t\t\t<\/div>\n\t\t\t\t<div class=\"elementor-element elementor-element-021f188 elementor-widget elementor-widget-heading\" data-id=\"021f188\" data-element_type=\"widget\" data-widget_type=\"heading.default\">\n\t\t\t\t\t<h3 class=\"elementor-heading-title elementor-size-default\">El Cinc de Vuit<\/h3>\t\t\t\t<\/div>\n\t\t\t\t<div class=\"elementor-element elementor-element-31981bd elementor-widget elementor-widget-text-editor\" data-id=\"31981bd\" data-element_type=\"widget\" data-widget_type=\"text-editor.default\">\n\t\t\t\t\t\t\t\t\t<p>El cinc de vuit, o torre de vuit pisos i cinc persones per nivell, \u00e9s una gesta veritablement impressionant. Nom\u00e9s les colles m\u00e9s experimentades i talentoses poden assolir aquesta proesa, que requereix una coordinaci\u00f3 mil\u00b7lim\u00e8trica i una for\u00e7a descomunal.<\/p>\t\t\t\t\t\t\t\t<\/div>\n\t\t<div class=\"elementor-element elementor-element-e821c4b e-con-full e-flex e-con e-child\" data-id=\"e821c4b\" data-element_type=\"container\">\n\t\t<div class=\"elementor-element elementor-element-ec4f8e9 e-flex e-con-boxed e-con e-child\" data-id=\"ec4f8e9\" data-element_type=\"container\">\n\t\t\t\t\t<div class=\"e-con-inner\">\n\t\t\t\t<div class=\"elementor-element elementor-element-66a5508 elementor-widget elementor-widget-image\" data-id=\"66a5508\" data-element_type=\"widget\" data-widget_type=\"image.default\">\n\t\t\t\t\t\t\t\t\t\t\t\t<figure class=\"wp-caption\">\n\t\t\t\t\t\t\t\t\t\t<img width=\"683\" height=\"1024\" class=\"attachment-medium_large size-medium_large wp-image-11167 lazy\" alt=\"\" data-src=\"https:\/\/mataroactiva.net\/wp-content\/uploads\/2024\/05\/1323157733_eee9e88fbe_b.jpg\" data-lazy=\"https:\/\/mataroactiva.net\/wp-content\/uploads\/2024\/05\/1323157733_eee9e88fbe_b.jpg\" \/>\t\t\t\t\t\t\t\t\t\t\t<figcaption class=\"widget-image-caption wp-caption-text\">5 de 8<\/figcaption>\n\t\t\t\t\t\t\t\t\t\t<\/figure>\n\t\t\t\t\t\t\t\t\t<\/div>\n\t\t\t\t\t<\/div>\n\t\t\t\t<\/div>\n\t\t<div class=\"elementor-element elementor-element-e570bbd e-flex e-con-boxed e-con e-child\" data-id=\"e570bbd\" data-element_type=\"container\">\n\t\t\t\t\t<div class=\"e-con-inner\">\n\t\t\t\t<div class=\"elementor-element elementor-element-430880c elementor-widget elementor-widget-image\" data-id=\"430880c\" data-element_type=\"widget\" data-widget_type=\"image.default\">\n\t\t\t\t\t\t\t\t\t\t\t\t<figure class=\"wp-caption\">\n\t\t\t\t\t\t\t\t\t\t<img width=\"724\" height=\"911\" class=\"attachment-medium_large size-medium_large wp-image-11168 lazy\" alt=\"\" data-src=\"https:\/\/mataroactiva.net\/wp-content\/uploads\/2024\/05\/Catalan_Climbers-768x966.jpg\" data-lazy=\"https:\/\/mataroactiva.net\/wp-content\/uploads\/2024\/05\/Catalan_Climbers-768x966.jpg\" \/>\t\t\t\t\t\t\t\t\t\t\t<figcaption class=\"widget-image-caption wp-caption-text\">2 de 7<\/figcaption>\n\t\t\t\t\t\t\t\t\t\t<\/figure>\n\t\t\t\t\t\t\t\t\t<\/div>\n\t\t\t\t\t<\/div>\n\t\t\t\t<\/div>\n\t\t\t\t<\/div>\n\t\t\t\t<div class=\"elementor-element elementor-element-29754cb elementor-widget elementor-widget-heading\" data-id=\"29754cb\" data-element_type=\"widget\" data-widget_type=\"heading.default\">\n\t\t\t\t\t<h3 class=\"elementor-heading-title elementor-size-default\">El Dos de Set<\/h3>\t\t\t\t<\/div>\n\t\t\t\t<div class=\"elementor-element elementor-element-82c6246 elementor-widget elementor-widget-text-editor\" data-id=\"82c6246\" data-element_type=\"widget\" data-widget_type=\"text-editor.default\">\n\t\t\t\t\t\t\t\t\t<p>El dos de set, o torre de set pisos i dues persones per nivell, pot semblar modesta, per\u00f2 la seva complexitat rau en l'estretor de la base. Aquesta formaci\u00f3 desafia els l\u00edmits de lequilibri i la concentraci\u00f3 dels castellers.<\/p>\t\t\t\t\t\t\t\t<\/div>\n\t\t\t\t<div class=\"elementor-element elementor-element-7860313 elementor-widget elementor-widget-heading\" data-id=\"7860313\" data-element_type=\"widget\" data-widget_type=\"heading.default\">\n\t\t\t\t\t<h3 class=\"elementor-heading-title elementor-size-default\">El Tres de Nou<\/h3>\t\t\t\t<\/div>\n\t\t\t\t<div class=\"elementor-element elementor-element-c1e5ce1 elementor-widget elementor-widget-text-editor\" data-id=\"c1e5ce1\" data-element_type=\"widget\" data-widget_type=\"text-editor.default\">\n\t\t\t\t\t\t\t\t\t<p>El tres de nou, amb nou pisos i tres persones per nivell, \u00e9s una de les formacions m\u00e9s emblem\u00e0tiques i cobejades al m\u00f3n casteller. La seva estructura imponent i la seva dificultat t\u00e8cnica la converteixen en un veritable desafiament, fins i tot per a les colles m\u00e9s experimentades.<\/p>\t\t\t\t\t\t\t\t<\/div>\n\t\t<div class=\"elementor-element elementor-element-2c6defd e-con-full e-flex e-con e-child\" data-id=\"2c6defd\" data-element_type=\"container\">\n\t\t<div class=\"elementor-element elementor-element-0c113db e-flex e-con-boxed e-con e-child\" data-id=\"0c113db\" data-element_type=\"container\">\n\t\t\t\t\t<div class=\"e-con-inner\">\n\t\t\t\t<div class=\"elementor-element elementor-element-107dabd elementor-widget elementor-widget-image\" data-id=\"107dabd\" data-element_type=\"widget\" data-widget_type=\"image.default\">\n\t\t\t\t\t\t\t\t\t\t\t\t<figure class=\"wp-caption\">\n\t\t\t\t\t\t\t\t\t\t<img width=\"724\" height=\"1064\" class=\"attachment-medium_large size-medium_large wp-image-11170 lazy\" alt=\"\" data-src=\"https:\/\/mataroactiva.net\/wp-content\/uploads\/2024\/05\/1996XiquetsdeReus3de9f-768x1129.jpg\" data-lazy=\"https:\/\/mataroactiva.net\/wp-content\/uploads\/2024\/05\/1996XiquetsdeReus3de9f-768x1129.jpg\" \/>\t\t\t\t\t\t\t\t\t\t\t<figcaption class=\"widget-image-caption wp-caption-text\">3 de 9<\/figcaption>\n\t\t\t\t\t\t\t\t\t\t<\/figure>\n\t\t\t\t\t\t\t\t\t<\/div>\n\t\t\t\t\t<\/div>\n\t\t\t\t<\/div>\n\t\t<div class=\"elementor-element elementor-element-25ca680 e-flex e-con-boxed e-con e-child\" data-id=\"25ca680\" data-element_type=\"container\">\n\t\t\t\t\t<div class=\"e-con-inner\">\n\t\t\t\t<div class=\"elementor-element elementor-element-ede4790 elementor-widget elementor-widget-image\" data-id=\"ede4790\" data-element_type=\"widget\" data-widget_type=\"image.default\">\n\t\t\t\t\t\t\t\t\t\t\t\t<figure class=\"wp-caption\">\n\t\t\t\t\t\t\t\t\t\t<img width=\"690\" height=\"404\" class=\"attachment-medium_large size-medium_large wp-image-11171 lazy\" alt=\"\" data-src=\"https:\/\/mataroactiva.net\/wp-content\/uploads\/2024\/05\/parts_castell2.png\" data-lazy=\"https:\/\/mataroactiva.net\/wp-content\/uploads\/2024\/05\/parts_castell2.png\" \/>\t\t\t\t\t\t\t\t\t\t\t<figcaption class=\"widget-image-caption wp-caption-text\">Folre i Manilles<\/figcaption>\n\t\t\t\t\t\t\t\t\t\t<\/figure>\n\t\t\t\t\t\t\t\t\t<\/div>\n\t\t\t\t\t<\/div>\n\t\t\t\t<\/div>\n\t\t\t\t<\/div>\n\t\t\t\t<div class=\"elementor-element elementor-element-68e4bce elementor-widget elementor-widget-heading\" data-id=\"68e4bce\" data-element_type=\"widget\" data-widget_type=\"heading.default\">\n\t\t\t\t\t<h2 class=\"elementor-heading-title elementor-size-default\">La Diada Castellera: El Cl\u00edmax de la Passi\u00f3 i el Talent<\/h2>\t\t\t\t<\/div>\n\t\t\t\t<div class=\"elementor-element elementor-element-3337084 elementor-widget elementor-widget-text-editor\" data-id=\"3337084\" data-element_type=\"widget\" data-widget_type=\"text-editor.default\">\n\t\t\t\t\t\t\t\t\t<p>Les actuacions castelleres arriben al seu punt \u00e0lgid durant les diades castelleres, esdeveniments anuals que reuneixen les colles m\u00e9s destacades de Catalunya. Aquestes jornades s\u00f3n veritables celebracions de la cultura i la tradici\u00f3, on els castellers tenen l'oportunitat d'exhibir la seva destresa davant de milers d'espectadors.<\/p>\n<p>La pla\u00e7a de Sant Jaume, al cor de Barcelona, \u200b\u200bes converteix a l'escenari principal de la Diada Castellera de la Merc\u00e8, un esdeveniment que atrau multituds de locals i visitants ansiosos per presenciar les impressionants construccions. Aqu\u00ed, les colles competeixen per assolir nous cims, desafiant els l\u00edmits del que \u00e9s humanament possible i deixant sense al\u00e8 els presents.<\/p>\t\t\t\t\t\t\t\t<\/div>\n\t\t\t\t<div class=\"elementor-element elementor-element-c7ac016 elementor-widget elementor-widget-heading\" data-id=\"c7ac016\" data-element_type=\"widget\" data-widget_type=\"heading.default\">\n\t\t\t\t\t<h2 class=\"elementor-heading-title elementor-size-default\">La Formaci\u00f3 de Castellers: Disciplina i Dedicaci\u00f3<\/h2>\t\t\t\t<\/div>\n\t\t\t\t<div class=\"elementor-element elementor-element-c479ebd elementor-widget elementor-widget-text-editor\" data-id=\"c479ebd\" data-element_type=\"widget\" data-widget_type=\"text-editor.default\">\n\t\t\t\t\t\t\t\t\t<p>Convertir-se en un casteller requereix molt m\u00e9s que for\u00e7a f\u00edsica; implica una dedicaci\u00f3 infrangible i una disciplina rigorosa. Els membres de les colles dediquen innombrables hores a la pr\u00e0ctica, perfeccionant cada moviment i desenvolupant una sincronitzaci\u00f3 perfecta amb els companys.<\/p>\n<p>Des d'una edat primerenca, els castellers aprenen a respectar les jerarquies i assumir responsabilitats dins la torre. Aquesta formaci\u00f3 no nom\u00e9s conrea habilitats t\u00e8cniques, sin\u00f3 que tamb\u00e9 inculca valors fonamentals com el respecte, la perseveran\u00e7a i el treball en equip.<\/p>\t\t\t\t\t\t\t\t<\/div>\n\t\t\t\t<div class=\"elementor-element elementor-element-6279a14 elementor-widget elementor-widget-image\" data-id=\"6279a14\" data-element_type=\"widget\" data-widget_type=\"image.default\">\n\t\t\t\t\t\t\t\t\t\t\t\t\t\t\t<img width=\"724\" height=\"482\" class=\"attachment-large size-large wp-image-11180 lazy\" alt=\"\" data-src=\"https:\/\/mataroactiva.net\/wp-content\/uploads\/2024\/05\/16934960850597-1024x682.jpg\" data-lazy=\"https:\/\/mataroactiva.net\/wp-content\/uploads\/2024\/05\/16934960850597-1024x682.jpg\" \/>\t\t\t\t\t\t\t\t\t\t\t\t\t\t\t<\/div>\n\t\t\t\t<div class=\"elementor-element elementor-element-9cb386c elementor-widget elementor-widget-heading\" data-id=\"9cb386c\" data-element_type=\"widget\" data-widget_type=\"heading.default\">\n\t\t\t\t\t<h2 class=\"elementor-heading-title elementor-size-default\">L'Expansi\u00f3 Global: Colles Castelleres a Auge<\/h2>\t\t\t\t<\/div>\n\t\t\t\t<div class=\"elementor-element elementor-element-29f64d6 elementor-widget elementor-widget-text-editor\" data-id=\"29f64d6\" data-element_type=\"widget\" data-widget_type=\"text-editor.default\">\n\t\t\t\t\t\t\t\t\t<p>Tot i que els castells tenen les seves arrels profundament arrelades a Catalunya, aquesta tradici\u00f3 ha transcendit fronteres i ha trobat una llar a diverses parts del m\u00f3n. Colles castelleres han sorgit a llocs tan llunyans com les Illes Balears, la Catalunya Nord i fins i tot a Hispanoam\u00e8rica.<\/p>\n<p>Aquesta expansi\u00f3 global no sols demostra la universalitat dels valors que representen els castells, sin\u00f3 que tamb\u00e9 enriqueix la tradici\u00f3 en incorporar noves perspectives i talents. A mesura que m\u00e9s persones s'uneixen a aquesta pr\u00e0ctica, es forgen nous vincles culturals i s'enforteix el llegat dels castells.<\/p>\t\t\t\t\t\t\t\t<\/div>\n\t\t\t\t<div class=\"elementor-element elementor-element-174f9a4 elementor-widget elementor-widget-heading\" data-id=\"174f9a4\" data-element_type=\"widget\" data-widget_type=\"heading.default\">\n\t\t\t\t\t<h2 class=\"elementor-heading-title elementor-size-default\">Conclusions<\/h2>\t\t\t\t<\/div>\n\t\t\t\t<div class=\"elementor-element elementor-element-74a1b47 elementor-widget elementor-widget-text-editor\" data-id=\"74a1b47\" data-element_type=\"widget\" data-widget_type=\"text-editor.default\">\n\t\t\t\t\t\t\t\t\t<p>Els castells s\u00f3n molt m\u00e9s que simples torres humanes; s\u00f3n un testimoniatge viu de la riquesa cultural de Catalunya, un s\u00edmbol d'unitat, coratge i perseveran\u00e7a. A mesura que explorem aquesta tradici\u00f3 \u00fanica, ens meravellem davant la destresa i la dedicaci\u00f3 dels castellers, que desafien els l\u00edmits del que \u00e9s humanament possible en cada actuaci\u00f3.<\/p><p>Els castells s\u00f3n un llegat inavaluable que transcendeix generacions, fronteres i cultures, convertint-se en un s\u00edmbol universal del que la humanitat pot assolir quan s'uneix al voltant d'un objectiu com\u00fa. A mesura que aquesta tradici\u00f3 continua captivant cors i ments a tot el m\u00f3n, ens inspirem a assolir nous cims, a desafiar els nostres l\u00edmits ia construir un futur m\u00e9s brillant, pe\u00e7a per pe\u00e7a, persona per persona.<\/p>\t\t\t\t\t\t\t\t<\/div>\n\t\t\t\t\t<\/div>\n\t\t\t\t<\/div>\n\t\t\t\t<\/div>","protected":false},"excerpt":{"rendered":"<p>Los castellers de Catalu\u00f1a han cautivado al mundo con su impresionante destreza en construir torres humanas monumentales, una tradici\u00f3n profundamente arraigada en la cultura catalana. Estas formaciones elevadas, conocidas como &#8220;castells&#8221;, son mucho m\u00e1s que una simple exhibici\u00f3n de fuerza y equilibrio; representan un poderoso s\u00edmbolo de unidad, coraje y perseverancia. La Magia de los &hellip; <\/p>","protected":false},"author":23,"featured_media":11178,"comment_status":"open","ping_status":"open","sticky":false,"template":"","format":"standard","meta":{"footnotes":""},"categories":[312],"tags":[313,314,317,318,316],"class_list":["post-11138","post","type-post","status-publish","format-standard","has-post-thumbnail","hentry","category-cultura","tag-castell","tag-castellers","tag-folre","tag-manilles","tag-pinya"],"_links":{"self":[{"href":"https:\/\/mataroactiva.net\/cat\/wp-json\/wp\/v2\/posts\/11138","targetHints":{"allow":["GET"]}}],"collection":[{"href":"https:\/\/mataroactiva.net\/cat\/wp-json\/wp\/v2\/posts"}],"about":[{"href":"https:\/\/mataroactiva.net\/cat\/wp-json\/wp\/v2\/types\/post"}],"author":[{"embeddable":true,"href":"https:\/\/mataroactiva.net\/cat\/wp-json\/wp\/v2\/users\/23"}],"replies":[{"embeddable":true,"href":"https:\/\/mataroactiva.net\/cat\/wp-json\/wp\/v2\/comments?post=11138"}],"version-history":[{"count":49,"href":"https:\/\/mataroactiva.net\/cat\/wp-json\/wp\/v2\/posts\/11138\/revisions"}],"predecessor-version":[{"id":11242,"href":"https:\/\/mataroactiva.net\/cat\/wp-json\/wp\/v2\/posts\/11138\/revisions\/11242"}],"wp:featuredmedia":[{"embeddable":true,"href":"https:\/\/mataroactiva.net\/cat\/wp-json\/wp\/v2\/media\/11178"}],"wp:attachment":[{"href":"https:\/\/mataroactiva.net\/cat\/wp-json\/wp\/v2\/media?parent=11138"}],"wp:term":[{"taxonomy":"category","embeddable":true,"href":"https:\/\/mataroactiva.net\/cat\/wp-json\/wp\/v2\/categories?post=11138"},{"taxonomy":"post_tag","embeddable":true,"href":"https:\/\/mataroactiva.net\/cat\/wp-json\/wp\/v2\/tags?post=11138"}],"curies":[{"name":"wp","href":"https:\/\/api.w.org\/{rel}","templated":true}]}}