{"id":11054,"date":"2024-05-15T19:35:43","date_gmt":"2024-05-15T17:35:43","guid":{"rendered":"https:\/?p=11054"},"modified":"2025-01-30T16:13:19","modified_gmt":"2025-01-30T15:13:19","slug":"mataro-decide-resultados-y-consecuencias-de-las-elecciones-catalanas-2024","status":"publish","type":"post","link":"https:\/\/mataroactiva.net\/cat\/mataro-decide-resultados-y-consecuencias-de-las-elecciones-catalanas-2024\/","title":{"rendered":"Matar\u00f3 Decide: Resultados y Consecuencias de las Elecciones Catalanas 2024"},"content":{"rendered":"<div data-elementor-type=\"wp-post\" data-elementor-id=\"11054\" class=\"elementor elementor-11054\" data-elementor-post-type=\"post\">\n\t\t\t\t<div class=\"elementor-element elementor-element-015ef30 e-flex e-con-boxed e-con e-parent\" data-id=\"015ef30\" data-element_type=\"container\">\n\t\t\t\t\t<div class=\"e-con-inner\">\n\t\t\t\t<div class=\"elementor-element elementor-element-2e645f5 elementor-widget elementor-widget-text-editor\" data-id=\"2e645f5\" data-element_type=\"widget\" data-widget_type=\"text-editor.default\">\n\t\t\t\t\t\t\t\t\t<p>En aquest article, es presentaran i examinaran els resultats de les eleccions generals a Matar\u00f3, proporcionant una an\u00e0lisi detallada de com aquests impacten en el context pol\u00edtic catal\u00e0. <br \/><br \/>S'explorar\u00e0 el paper de Matar\u00f3 dins el marc electoral de Catalunya, considerant-ne el pes espec\u00edfic i la influ\u00e8ncia en la configuraci\u00f3 de l'agenda pol\u00edtica regional. A m\u00e9s, s'oferiran perspectives sobre les possibles direccions que podrien prendre els desenvolupaments pol\u00edtics futurs a la regi\u00f3, basant-se en els resultats examinats. <br \/><br \/>Este an\u00e1lisis busca no s\u00f3lo entender los resultados en s\u00ed, sino tambi\u00e9n las consecuencias y las implicaciones que estos podr\u00edan tener para el futuro de Matar\u00f3 y de toda Catalu\u00f1a.<\/p>\t\t\t\t\t\t\t\t<\/div>\n\t\t\t\t\t<\/div>\n\t\t\t\t<\/div>\n\t\t<div class=\"elementor-element elementor-element-d377bfd e-flex e-con-boxed e-con e-parent\" data-id=\"d377bfd\" data-element_type=\"container\">\n\t\t\t\t\t<div class=\"e-con-inner\">\n\t\t\t\t<div class=\"elementor-element elementor-element-d749e00 elementor-widget elementor-widget-heading\" data-id=\"d749e00\" data-element_type=\"widget\" data-widget_type=\"heading.default\">\n\t\t\t\t\t<h2 class=\"elementor-heading-title elementor-size-default\">Resultats de les Eleccions Catalanes a Matar\u00f3<\/h2>\t\t\t\t<\/div>\n\t\t\t\t<div class=\"elementor-element elementor-element-3f0ef2f elementor-widget elementor-widget-heading\" data-id=\"3f0ef2f\" data-element_type=\"widget\" data-widget_type=\"heading.default\">\n\t\t\t\t\t<h3 class=\"elementor-heading-title elementor-size-default\">Distribuci\u00f3 de vots per partit<\/h3>\t\t\t\t<\/div>\n\t\t\t\t<div class=\"elementor-element elementor-element-9bf8075 elementor-widget elementor-widget-text-editor\" data-id=\"9bf8075\" data-element_type=\"widget\" data-widget_type=\"text-editor.default\">\n\t\t\t\t\t\t\t\t\t<ol>\n<li>A les eleccions catalanes del 2024 a Matar\u00f3, el PSC, liderat per Salvador Illa, va ser el partit m\u00e9s votat, aconseguint un 28.95% dels vots, cosa que es tradueix en 14,383 vots.<\/li>\n<!-- \/wp:list-item --><!-- wp:list-item -->\n<li>La segona posici\u00f3 la va ocupar Junts+, amb un 19,25% dels sufragis.<\/li>\n<!-- \/wp:list-item --><!-- wp:list-item -->\n<li>ERC va aconseguir captar el 12.02% dels vots, col\u00b7locant-se com la tercera for\u00e7a m\u00e9s votada a la localitat.<\/li>\n<!-- \/wp:list-item --><!-- wp:list-item -->\n<li>El PP es va situar en quarta posici\u00f3 i va obtenir l'11.4% dels vots.<\/li>\n<\/ol>\t\t\t\t\t\t\t\t<\/div>\n\t\t\t\t<div class=\"elementor-element elementor-element-305549d elementor-widget elementor-widget-heading\" data-id=\"305549d\" data-element_type=\"widget\" data-widget_type=\"heading.default\">\n\t\t\t\t\t<h3 class=\"elementor-heading-title elementor-size-default\">Comparaci\u00f3 amb resultats de les eleccions anteriors<\/h3>\t\t\t\t<\/div>\n\t\t\t\t<div class=\"elementor-element elementor-element-f4f517c elementor-widget elementor-widget-text-editor\" data-id=\"f4f517c\" data-element_type=\"widget\" data-widget_type=\"text-editor.default\">\n\t\t\t\t\t\t\t\t\t<ul>\n<li>A l'elecci\u00f3 del 2021, el PSC tamb\u00e9 va ser el partit m\u00e9s votat a Matar\u00f3, amb un 24.74% dels vots, seguit per ERC i Junts per Catalunya, que van obtenir un 20.15% i un 18.68% respectivament<\/li>\n<!-- \/wp:list-item --><!-- wp:list-item -->\n<li>Comparant els resultats, s'observa un increment en el suport al PSC el 2024, mentre que Junts+ i ERC van experimentar canvis en el percentatge de votaci\u00f3 respecte a les eleccions anteriors<\/li>\n<!-- \/wp:list-item --><!-- wp:list-item -->\n<li>Aquesta an\u00e0lisi revela una tend\u00e8ncia de creixement per al PSC a Matar\u00f3, consolidant el seu lideratge a la regi\u00f3 a les eleccions catalanes del 2024<\/li>\n<\/ul>\t\t\t\t\t\t\t\t<\/div>\n\t\t\t\t<div class=\"elementor-element elementor-element-1d2a2ae elementor-widget elementor-widget-heading\" data-id=\"1d2a2ae\" data-element_type=\"widget\" data-widget_type=\"heading.default\">\n\t\t\t\t\t<h2 class=\"elementor-heading-title elementor-size-default\">An\u00e0lisi dels resultats<\/h2>\t\t\t\t<\/div>\n\t\t\t\t<div class=\"elementor-element elementor-element-51d6262 elementor-widget elementor-widget-heading\" data-id=\"51d6262\" data-element_type=\"widget\" data-widget_type=\"heading.default\">\n\t\t\t\t\t<h3 class=\"elementor-heading-title elementor-size-default\">Impacte al mapa pol\u00edtic local<\/h3>\t\t\t\t<\/div>\n\t\t\t\t<div class=\"elementor-element elementor-element-aca7544 elementor-widget elementor-widget-text-editor\" data-id=\"aca7544\" data-element_type=\"widget\" data-widget_type=\"text-editor.default\">\n\t\t\t\t\t\t\t\t\t<p>La consolidaci\u00f3 del PSC com la for\u00e7a m\u00e9s votada a Matar\u00f3, amb un 28,95% dels vots, reflecteix un canvi significatiu al mapa pol\u00edtic local. Comparant amb els resultats del 2021, on el PSC va obtenir un 24,74% dels sufragis, s'observa un creixement sostingut de la base electoral a la ciutat.<\/p>\n<p>Aquest increment del suport al PSC, juntament amb la participaci\u00f3 del 56,61% i el total de 50.042 vots comptabilitzats, evidencien una tend\u00e8ncia de consolidaci\u00f3 de partits d'esquerres a Matar\u00f3. D'altra banda, la notable caiguda de Ciutadans, que va passar de ser la primera for\u00e7a pol\u00edtica al Parlament catal\u00e0 a obtenir nom\u00e9s sis escons a les eleccions anteriors, marca un reajustament a les prefer\u00e8ncies electorals de la poblaci\u00f3.<\/p>\t\t\t\t\t\t\t\t<\/div>\n\t\t\t\t<div class=\"elementor-element elementor-element-d67c06e elementor-widget elementor-widget-heading\" data-id=\"d67c06e\" data-element_type=\"widget\" data-widget_type=\"heading.default\">\n\t\t\t\t\t<h3 class=\"elementor-heading-title elementor-size-default\">Reaccions dels partits pol\u00edtics i candidats principals<\/h3>\t\t\t\t<\/div>\n\t\t\t\t<div class=\"elementor-element elementor-element-c49c173 elementor-widget elementor-widget-text-editor\" data-id=\"c49c173\" data-element_type=\"widget\" data-widget_type=\"text-editor.default\">\n\t\t\t\t\t\t\t\t\t<p>Les reaccions dels partits pol\u00edtics i els seus candidats despr\u00e9s dels resultats electorals a Matar\u00f3 han estat variades. D'una banda, el PSC, liderat per Salvador Illa, ha celebrat la seva posici\u00f3 com la for\u00e7a pol\u00edtica m\u00e9s votada, cosa que reflecteix el suport a la seva gesti\u00f3 i propostes.<\/p>\n<p>JUNTS i ERC, en ocupar la segona i tercera posici\u00f3 respectivament, han reconegut la necessitat de reavaluar les estrat\u00e8gies per connectar millor amb l'electorat.<\/p>\n<p>Mentrestant, la caiguda de Ciutadans i el creixement de la CUP suggereixen un canvi a l'espectre pol\u00edtic, amb un increment en el suport a opcions m\u00e9s radicals o alternatives. Aquest escenari planteja nous desafiaments i oportunitats per als partits pol\u00edtics a Matar\u00f3 de cara a futures conteses electorals.<\/p>\t\t\t\t\t\t\t\t<\/div>\n\t\t\t\t<div class=\"elementor-element elementor-element-fdb2161 elementor-widget elementor-widget-image\" data-id=\"fdb2161\" data-element_type=\"widget\" data-widget_type=\"image.default\">\n\t\t\t\t\t\t\t\t\t\t\t\t\t\t\t<img width=\"724\" height=\"407\" class=\"attachment-large size-large wp-image-11227 lazy\" alt=\"\" data-src=\"https:\/\/mataroactiva.net\/wp-content\/uploads\/2024\/05\/argeles-sur-mer-francia-25042024-expresidente-catalan-candidato-presidencia-generalitat-carles-puigdemont-acto-inicio-campana-electoral-jxcat-celebrad_98-1024x576.webp\" data-lazy=\"https:\/\/mataroactiva.net\/wp-content\/uploads\/2024\/05\/argeles-sur-mer-francia-25042024-expresidente-catalan-candidato-presidencia-generalitat-carles-puigdemont-acto-inicio-campana-electoral-jxcat-celebrad_98-1024x576.webp\" \/>\t\t\t\t\t\t\t\t\t\t\t\t\t\t\t<\/div>\n\t\t\t\t<div class=\"elementor-element elementor-element-af7d1a1 elementor-widget elementor-widget-heading\" data-id=\"af7d1a1\" data-element_type=\"widget\" data-widget_type=\"heading.default\">\n\t\t\t\t\t<h2 class=\"elementor-heading-title elementor-size-default\">El Paper de Matar\u00f3 al Context Catal\u00e0<\/h2>\t\t\t\t<\/div>\n\t\t\t\t<div class=\"elementor-element elementor-element-6871022 elementor-widget elementor-widget-heading\" data-id=\"6871022\" data-element_type=\"widget\" data-widget_type=\"heading.default\">\n\t\t\t\t\t<h3 class=\"elementor-heading-title elementor-size-default\">Contribuci\u00f3 de Matar\u00f3 al panorama pol\u00edtic de Catalunya<\/h3>\t\t\t\t<\/div>\n\t\t\t\t<div class=\"elementor-element elementor-element-e86690e elementor-widget elementor-widget-text-editor\" data-id=\"e86690e\" data-element_type=\"widget\" data-widget_type=\"text-editor.default\">\n\t\t\t\t\t\t\t\t\t<p>Matar\u00f3 ha jugat un paper crucial a les eleccions catalanes, contribuint de manera significativa a la reconfiguraci\u00f3 del mapa pol\u00edtic catal\u00e0. Aquest suport no nom\u00e9s va consolidar el PSC com la for\u00e7a m\u00e9s votada a la prov\u00edncia de Barcelona, \u200b\u200bsin\u00f3 que tamb\u00e9 va marcar una fita en ser la primera vegada des del 1980 que els partits independentistes no aconsegueixen la majoria al Parlament.<\/p>\n<p>La redistribuci\u00f3 d'escons entre les forces pol\u00edtiques, amb el PSC al capdavant, evidencia el canvi de prefer\u00e8ncies ideol\u00f2giques a Matar\u00f3 i el seu impacte al context m\u00e9s ampli de Catalunya.<\/p>\t\t\t\t\t\t\t\t<\/div>\n\t\t\t\t<div class=\"elementor-element elementor-element-bf0d541 elementor-widget elementor-widget-heading\" data-id=\"bf0d541\" data-element_type=\"widget\" data-widget_type=\"heading.default\">\n\t\t\t\t\t<h3 class=\"elementor-heading-title elementor-size-default\">Possibles pactes i coalicions post-eleccions<\/h3>\t\t\t\t<\/div>\n\t\t\t\t<div class=\"elementor-element elementor-element-3ec5410 elementor-widget elementor-widget-text-editor\" data-id=\"3ec5410\" data-element_type=\"widget\" data-widget_type=\"text-editor.default\">\n\t\t\t\t\t\t\t\t\t<p>Despr\u00e9s dels resultats electorals, s'obre un panorama de negociacions i de pactes entre les forces pol\u00edtiques per formar govern. El PSC, com que \u00e9s la for\u00e7a m\u00e9s votada, t\u00e9 diverses opcions per governar. Una possibilitat \u00e9s sumar els escons d'ERC i Comuns per assolir els 68 necessaris per a la majoria, cosa que allunyaria l'alian\u00e7a independentista.<\/p>\n<p>Una altra opci\u00f3, encara que menys probable, seria un pacte amb Junts. Aquest escenari de negociacions i possibles coalicions subratlla la import\u00e0ncia de Matar\u00f3 en el context catal\u00e0, no nom\u00e9s per la seva contribuci\u00f3 als resultats electorals sin\u00f3 tamb\u00e9 per la seva influ\u00e8ncia a les futures aliances pol\u00edtiques que es formin a Catalunya.<\/p>\t\t\t\t\t\t\t\t<\/div>\n\t\t\t\t<div class=\"elementor-element elementor-element-fcb2ce7 elementor-widget elementor-widget-heading\" data-id=\"fcb2ce7\" data-element_type=\"widget\" data-widget_type=\"heading.default\">\n\t\t\t\t\t<h2 class=\"elementor-heading-title elementor-size-default\">Perspectives Futures<\/h2>\t\t\t\t<\/div>\n\t\t\t\t<div class=\"elementor-element elementor-element-b2a71bf elementor-widget elementor-widget-heading\" data-id=\"b2a71bf\" data-element_type=\"widget\" data-widget_type=\"heading.default\">\n\t\t\t\t\t<h3 class=\"elementor-heading-title elementor-size-default\">Expectatives per als propers anys<\/h3>\t\t\t\t<\/div>\n\t\t\t\t<div class=\"elementor-element elementor-element-0466dd0 elementor-widget elementor-widget-text-editor\" data-id=\"0466dd0\" data-element_type=\"widget\" data-widget_type=\"text-editor.default\">\n\t\t\t\t\t\t\t\t\t<p>El panorama pol\u00edtic a Catalunya despr\u00e9s de les eleccions del 2024 suggereix un canvi significatiu en la din\u00e0mica de poder. Amb el PSC liderant en vots i escons, Salvador Illa afirma que \"li toca al PSC liderar aquesta nova etapa\" a Catalunya, destacant la import\u00e0ncia d'un enfocament col\u00b7laboratiu entre les esquerres per evitar repetir eleccions.<\/p>\n<p>L'Assemblea Nacional Catalana (ANC) insta els partits independentistes a unificar esfor\u00e7os i adoptar \u201cuna renovada estrat\u00e8gia independentista\u201d que podria influir en futures eleccions.<\/p>\t\t\t\t\t\t\t\t<\/div>\n\t\t\t\t<div class=\"elementor-element elementor-element-90e834d elementor-widget elementor-widget-heading\" data-id=\"90e834d\" data-element_type=\"widget\" data-widget_type=\"heading.default\">\n\t\t\t\t\t<h3 class=\"elementor-heading-title elementor-size-default\">Desafiaments per als partits pol\u00edtics guanyadors<\/h3>\t\t\t\t<\/div>\n\t\t\t\t<div class=\"elementor-element elementor-element-88b608b elementor-widget elementor-widget-text-editor\" data-id=\"88b608b\" data-element_type=\"widget\" data-widget_type=\"text-editor.default\">\n\t\t\t\t\t\t\t\t\t<p>Els resultats electorals presenten desafiaments \u00fanics per als partits pol\u00edtics guanyadors. <br \/>El PSC, malgrat la vict\u00f2ria, s'enfronta a la necessitat de formar coalicions per governar fica\u00e7ment, cosa que requereix negociacions complexes amb altres partits d'esquerra com ERC i els Comuns.<\/p>\n<p>Ernest Urtasun de Sumar emfatitza que el PSC \"no pot governar Catalunya sol\" i s'ha d'inclinar cap a l'esquerra per consolidar-ne una majoria. <br \/><br \/>D'altra banda, la derrota d'ERC i la decisi\u00f3 de Pere Aragon\u00e8s de retirar-se de la pol\u00edtica activa plantegen interrogants sobre el futur de l'independentisme i la possibilitat que els nous lideratges emergents puguin revitalitzar la causa.<\/p>\t\t\t\t\t\t\t\t<\/div>\n\t\t\t\t<div class=\"elementor-element elementor-element-66e8a16 elementor-widget elementor-widget-text-editor\" data-id=\"66e8a16\" data-element_type=\"widget\" data-widget_type=\"text-editor.default\">\n\t\t\t\t\t\t\t\t\t<p id=\"yui_3_16_0_1_1715848630078_1964\" class=\"meta-field photo-desc\" style=\"text-align: right;\">Foto: Eugenia Morago<\/p>\t\t\t\t\t\t\t\t<\/div>\n\t\t\t\t\t<\/div>\n\t\t\t\t<\/div>\n\t\t\t\t<\/div>","protected":false},"excerpt":{"rendered":"<p>En este art\u00edculo, se presentar\u00e1n y examinar\u00e1n los resultados de las elecciones generales en Matar\u00f3, proporcionando un an\u00e1lisis detallado de c\u00f3mo estos impactan en el contexto pol\u00edtico catal\u00e1n. Se explorar\u00e1 el papel de Matar\u00f3 dentro del marco electoral de Catalu\u00f1a, considerando su peso espec\u00edfico y su influencia en la configuraci\u00f3n de la agenda pol\u00edtica regional. &hellip; <\/p>","protected":false},"author":23,"featured_media":11105,"comment_status":"open","ping_status":"open","sticky":false,"template":"","format":"standard","meta":{"footnotes":""},"categories":[304],"tags":[311,308,305,309,306,310,307],"class_list":["post-11054","post","type-post","status-publish","format-standard","has-post-thumbnail","hentry","category-politica","tag-autonomicas","tag-comuns","tag-elecciones","tag-junts","tag-politica","tag-pp","tag-psc"],"_links":{"self":[{"href":"https:\/\/mataroactiva.net\/cat\/wp-json\/wp\/v2\/posts\/11054","targetHints":{"allow":["GET"]}}],"collection":[{"href":"https:\/\/mataroactiva.net\/cat\/wp-json\/wp\/v2\/posts"}],"about":[{"href":"https:\/\/mataroactiva.net\/cat\/wp-json\/wp\/v2\/types\/post"}],"author":[{"embeddable":true,"href":"https:\/\/mataroactiva.net\/cat\/wp-json\/wp\/v2\/users\/23"}],"replies":[{"embeddable":true,"href":"https:\/\/mataroactiva.net\/cat\/wp-json\/wp\/v2\/comments?post=11054"}],"version-history":[{"count":44,"href":"https:\/\/mataroactiva.net\/cat\/wp-json\/wp\/v2\/posts\/11054\/revisions"}],"predecessor-version":[{"id":11230,"href":"https:\/\/mataroactiva.net\/cat\/wp-json\/wp\/v2\/posts\/11054\/revisions\/11230"}],"wp:featuredmedia":[{"embeddable":true,"href":"https:\/\/mataroactiva.net\/cat\/wp-json\/wp\/v2\/media\/11105"}],"wp:attachment":[{"href":"https:\/\/mataroactiva.net\/cat\/wp-json\/wp\/v2\/media?parent=11054"}],"wp:term":[{"taxonomy":"category","embeddable":true,"href":"https:\/\/mataroactiva.net\/cat\/wp-json\/wp\/v2\/categories?post=11054"},{"taxonomy":"post_tag","embeddable":true,"href":"https:\/\/mataroactiva.net\/cat\/wp-json\/wp\/v2\/tags?post=11054"}],"curies":[{"name":"wp","href":"https:\/\/api.w.org\/{rel}","templated":true}]}}